{"id":13240,"date":"2026-01-26T15:55:00","date_gmt":"2026-01-26T14:55:00","guid":{"rendered":"https:\/\/traduc.com\/blog\/?p=13240"},"modified":"2026-01-26T15:55:12","modified_gmt":"2026-01-26T14:55:12","slug":"langues-etrangeres-parlees-france","status":"publish","type":"post","link":"https:\/\/traduc.com\/blog\/langues-etrangeres-parlees-france\/","title":{"rendered":"Quelles sont les langues \u00e9trang\u00e8res les plus parl\u00e9es en France&nbsp;?"},"content":{"rendered":"\n<p>Les Fran\u00e7ais sont-ils vraiment de mauvais \u00e9l\u00e8ves en mati\u00e8re de bilinguisme&nbsp;? \u00c0 l\u2019heure de la mondialisation et de la n\u00e9cessit\u00e9 d\u2019\u00e9changer avec les autres citoyens du monde, la ma\u00eetrise d\u2019une autre langue est devenue plus qu\u2019indispensable. <\/p>\n\n\n\n<p>Heureusement, nos <strong>traducteurs professionnels<\/strong>, qui \u0153uvrent sur notre <a href=\"https:\/\/traduc.com\/\">plateforme de traduction<\/a> en ligne, permettent \u00e0 vos textes d\u2019\u00eatre lus par des millions de personnes \u00e0 travers le globe. <\/p>\n\n\n\n<p>Leurs capacit\u00e9s linguistiques sont-elles exceptionnelles&nbsp;? Voici un tour d\u2019horizon des langues \u00e9trang\u00e8res les plus parl\u00e9es en France, ainsi qu\u2019un aper\u00e7u du niveau global des Fran\u00e7ais en mati\u00e8re de linguistique. Vous risquez bien d\u2019\u00eatre \u00e9tonn\u00e9s&nbsp;! <\/p>\n\n\n\n<h2 class=\"wp-block-heading\">Les langues \u00e9trang\u00e8res les plus parl\u00e9es par les Fran\u00e7ais<\/h2>\n\n\n\n<figure class=\"wp-block-image size-full\"><img decoding=\"async\" width=\"700\" height=\"423\" src=\"https:\/\/traduc.com\/blog\/wp-content\/uploads\/sites\/2\/2023\/02\/langues-etrangeres-parlees-france.webp\" alt=\"langues \u00e9trang\u00e8res les plus parl\u00e9es en France\" class=\"wp-image-13243\" srcset=\"https:\/\/traduc.com\/blog\/wp-content\/uploads\/sites\/2\/2023\/02\/langues-etrangeres-parlees-france.webp 700w, https:\/\/traduc.com\/blog\/wp-content\/uploads\/sites\/2\/2023\/02\/langues-etrangeres-parlees-france-300x181.webp 300w, https:\/\/traduc.com\/blog\/wp-content\/uploads\/sites\/2\/2023\/02\/langues-etrangeres-parlees-france-60x36.webp 60w, https:\/\/traduc.com\/blog\/wp-content\/uploads\/sites\/2\/2023\/02\/langues-etrangeres-parlees-france-370x224.webp 370w, https:\/\/traduc.com\/blog\/wp-content\/uploads\/sites\/2\/2023\/02\/langues-etrangeres-parlees-france-270x163.webp 270w, https:\/\/traduc.com\/blog\/wp-content\/uploads\/sites\/2\/2023\/02\/langues-etrangeres-parlees-france-570x344.webp 570w\" sizes=\"(max-width: 700px) 100vw, 700px\" \/><\/figure>\n\n\n\n<h3 class=\"wp-block-heading\">L\u2019arabe&nbsp;: 2\u00e8me langue la plus parl\u00e9e en France<\/h3>\n\n\n\n<p>Gr\u00e2ce au multiculturalisme pr\u00e9sent en France, l\u2019arabe se hisse sur la deuxi\u00e8me place du podium des <strong>langues les plus parl\u00e9es dans notre pays<\/strong>, juste apr\u00e8s le fran\u00e7ais&nbsp;: selon les estimations, pr\u00e8s de 4 millions de personnes parlent arabe couramment en France&nbsp;!<\/p>\n\n\n\n<h3 class=\"wp-block-heading\">L\u2019allemand<\/h3>\n\n\n\n<p>Sprechen Sie Deutsch&nbsp;? Avec pr\u00e8s de 13 % de la population fran\u00e7aise parlant allemand, la langue germanophone est officiellement la troisi\u00e8me des langues \u00e9trang\u00e8res les plus parl\u00e9es en France.<\/p>\n\n\n\n<h3 class=\"wp-block-heading\">L\u2019anglais<\/h3>\n\n\n\n<p>Sans grande surprise, l\u2019anglais est l\u2019une des langues \u00e9trang\u00e8res les plus parl\u00e9es en France, notamment gr\u00e2ce \u00e0 sa grande popularit\u00e9 sur les bancs de l\u2019\u00e9cole. <\/p>\n\n\n\n<h3 class=\"wp-block-heading\">L\u2019espagnol<\/h3>\n\n\n\n<p>Saviez-vous que pr\u00e8s de 40 % des Fran\u00e7ais connaissent les bases de l\u2019espagnol&nbsp;? Cela s\u2019explique par la grande popularit\u00e9 de cette langue, qui est par ailleurs la 4e langue la plus parl\u00e9e \u00e0 travers le monde. <\/p>\n\n\n\n<h3 class=\"wp-block-heading\">L\u2019italien<\/h3>\n\n\n\n<p>La grande richesse du lien franco-italien, les racines culturelles communes et le d\u00e9sir de d\u00e9couvrir le pays des plus grands artistes de la Renaissance motivent pr\u00e8s de 4 % des Fran\u00e7ais \u00e0 apprendre la langue latine de r\u00e9f\u00e9rence.<\/p>\n\n\n\n<h2 class=\"wp-block-heading\">Les langues \u00e9trang\u00e8res les plus apprises \u00e0 l&#8217;\u00e9cole en France<\/h2>\n\n\n\n<figure class=\"wp-block-image size-full\"><img decoding=\"async\" width=\"700\" height=\"423\" src=\"https:\/\/traduc.com\/blog\/wp-content\/uploads\/sites\/2\/2023\/02\/langues-etrangeres-parlees-france-2.webp\" alt=\"langue \u00e9trang\u00e8res les plus apprises \u00e0 l'\u00e9cole en France\" class=\"wp-image-13242\" srcset=\"https:\/\/traduc.com\/blog\/wp-content\/uploads\/sites\/2\/2023\/02\/langues-etrangeres-parlees-france-2.webp 700w, https:\/\/traduc.com\/blog\/wp-content\/uploads\/sites\/2\/2023\/02\/langues-etrangeres-parlees-france-2-300x181.webp 300w, https:\/\/traduc.com\/blog\/wp-content\/uploads\/sites\/2\/2023\/02\/langues-etrangeres-parlees-france-2-60x36.webp 60w, https:\/\/traduc.com\/blog\/wp-content\/uploads\/sites\/2\/2023\/02\/langues-etrangeres-parlees-france-2-370x224.webp 370w, https:\/\/traduc.com\/blog\/wp-content\/uploads\/sites\/2\/2023\/02\/langues-etrangeres-parlees-france-2-270x163.webp 270w, https:\/\/traduc.com\/blog\/wp-content\/uploads\/sites\/2\/2023\/02\/langues-etrangeres-parlees-france-2-570x344.webp 570w\" sizes=\"(max-width: 700px) 100vw, 700px\" \/><\/figure>\n\n\n\n<h3 class=\"wp-block-heading\">L\u2019anglais&nbsp;: la langue \u00e9trang\u00e8re la plus apprise en France<\/h3>\n\n\n\n<p>En 2022, pr\u00e8s de 99 % des \u00e9tudiants fran\u00e7ais l\u2019\u00e9tudient \u00e0 l\u2019\u00e9cole, un pourcentage expliqu\u00e9 par la mondialisation et la consommation massive de contenus multim\u00e9dias anglophones dans l\u2019Hexagone.<\/p>\n\n\n\n<h3 class=\"wp-block-heading\">L\u2019espagnol&nbsp;: deuxi\u00e8me langue \u00e9trang\u00e8re la plus apprise en France<\/h3>\n\n\n\n<p>En 2020, pr\u00e8s de 60 % des \u00e9tudiants fran\u00e7ais \u00e9tudiaient cette langue \u00e0 l\u2019\u00e9cole. Il s\u2019agit ainsi de la deuxi\u00e8me langue \u00e9trang\u00e8re la plus \u00e9tudi\u00e9e sur les bancs de l\u2019\u00e9cole fran\u00e7aise. <\/p>\n\n\n\n<h3 class=\"wp-block-heading\">L\u2019allemand&nbsp;: troisi\u00e8me langue apprise \u00e0 l&#8217;\u00e9cole<\/h3>\n\n\n\n<p>La difficult\u00e9 d\u2019apprentissage de l\u2019allemand la hisse en bas du podium des langues \u00e9trang\u00e8res les plus apprises \u00e0 l\u2019\u00e9cole par les Fran\u00e7ais. On comptait en 2020 pr\u00e8s de 20 % des \u00e9l\u00e8ves fran\u00e7ais suivant des cours d\u2019allemand de mani\u00e8re r\u00e9guli\u00e8re. <\/p>\n\n\n\n<h2 class=\"wp-block-heading\">Combien de Fran\u00e7ais ne parlent aucune langue \u00e9trang\u00e8re du tout&nbsp;? <\/h2>\n\n\n\n<p>Les Fran\u00e7ais sont connus pour leur mauvais niveau en langues \u00e9trang\u00e8res&nbsp;: leurs<strong> comp\u00e9tences linguistiques<\/strong> sont malheureusement limit\u00e9es, et l\u2019apprentissage de nouvelles langues n\u2019est que tr\u00e8s peu r\u00e9alis\u00e9 par les adultes sortis du cursus d\u2019enseignement national. <\/p>\n\n\n\n<p>Ainsi, pr\u00e8s de 40 % de nos concitoyens admettraient ne parler aucune langue \u00e9trang\u00e8re, pas m\u00eame les mots courants basiques. \u00c0 titre de comparaison, ces derniers repr\u00e9sentent moins de 10 % de la population en Su\u00e8de&nbsp;! <\/p>\n\n\n\n<h2 class=\"wp-block-heading\">Combien de Fran\u00e7ais ne ma\u00eetrisent aucune langue \u00e9trang\u00e8re couramment&nbsp;? <\/h2>\n\n\n\n<p>Les chiffres sont peu reluisants&nbsp;: en 2019, pr\u00e8s de 40 % des Fran\u00e7ais se disaient incapables de pratiquer une langue \u00e9trang\u00e8re dans le cadre de leurs fonctions professionnelles, selon une \u00e9tude men\u00e9e par Indeed. <\/p>\n\n\n\n<p>Il s\u2019agit alors d\u2019un v\u00e9ritable frein \u00e0 l\u2019emploi, car 1\/3 des personnes interrog\u00e9es ont avou\u00e9 avoir d\u00e9laiss\u00e9 une candidature pour un poste qui les int\u00e9ressait \u00e0 cause de leur faible niveau en langues \u00e9trang\u00e8res. <\/p>\n\n\n\n<p>Ces chiffres semblent toutefois \u00e9voluer depuis quelques ann\u00e9es, puisqu\u2019en 2015, c&#8217;\u00e9tait<strong> la moiti\u00e9 des Fran\u00e7ais qui affirmait ne ma\u00eetriser aucune langue \u00e9trang\u00e8re<\/strong>. <\/p>\n\n\n\n<p>Notons que le fran\u00e7ais n\u2019est pas l\u2019exception \u00e0 la r\u00e8gle, puisque pr\u00e8s de 47 % des personnes vivant en Europe confessent ne ma\u00eetriser aucune autre langue, mis \u00e0 part leur langue maternelle.<\/p>\n\n\n\n<h2 class=\"wp-block-heading\">Combien de Fran\u00e7ais parlent anglais couramment&nbsp;?<\/h2>\n\n\n\n<figure class=\"wp-block-image size-full\"><img decoding=\"async\" width=\"700\" height=\"423\" src=\"https:\/\/traduc.com\/blog\/wp-content\/uploads\/sites\/2\/2023\/02\/langues-etrangeres-parlees-france-3.webp\" alt=\"28% des fran\u00e7ais parlent couramment anglais\" class=\"wp-image-13241\" srcset=\"https:\/\/traduc.com\/blog\/wp-content\/uploads\/sites\/2\/2023\/02\/langues-etrangeres-parlees-france-3.webp 700w, https:\/\/traduc.com\/blog\/wp-content\/uploads\/sites\/2\/2023\/02\/langues-etrangeres-parlees-france-3-300x181.webp 300w, https:\/\/traduc.com\/blog\/wp-content\/uploads\/sites\/2\/2023\/02\/langues-etrangeres-parlees-france-3-60x36.webp 60w, https:\/\/traduc.com\/blog\/wp-content\/uploads\/sites\/2\/2023\/02\/langues-etrangeres-parlees-france-3-370x224.webp 370w, https:\/\/traduc.com\/blog\/wp-content\/uploads\/sites\/2\/2023\/02\/langues-etrangeres-parlees-france-3-270x163.webp 270w, https:\/\/traduc.com\/blog\/wp-content\/uploads\/sites\/2\/2023\/02\/langues-etrangeres-parlees-france-3-570x344.webp 570w\" sizes=\"(max-width: 700px) 100vw, 700px\" \/><\/figure>\n\n\n\n<p><strong>L\u2019anglais est la langue la plus parl\u00e9e au monde<\/strong>, avec pr\u00e8s de 1,2 milliard de locuteurs en 2020, natifs et bilingues compris&nbsp;: il serait alors plut\u00f4t raisonnable de penser que la ma\u00eetrise de cette langue est essentielle, que ce soit dans un cadre personnel ou professionnel. <\/p>\n\n\n\n<p>Cependant, le constat en France est sans appel&nbsp;: en 2021, seulement 28 % des personnes majeures interrog\u00e9es affirmaient comprendre la langue de Shakespeare. <\/p>\n\n\n\n<p>Une autre \u00e9tude du CNESCO (Centre National d\u2019\u00c9tude des Syst\u00e8mes Scolaires) montrait que pr\u00e8s de 75 % des coll\u00e9giens pr\u00eats \u00e0 passer l&#8217;\u00e9preuve du Brevet National ne parvenaient pas \u00e0 comprendre et parler globalement cette langue \u00e9trang\u00e8re. <\/p>\n\n\n\n<h2 class=\"wp-block-heading\">Les Fran\u00e7ais et les langues r\u00e9gionales<\/h2>\n\n\n\n<p><strong>Les langues \u00e9trang\u00e8res les plus parl\u00e9es en France<\/strong> seraient-elles r\u00e9gionales&nbsp;? Dans notre pays, de tr\u00e8s nombreux dialectes sont couramment parl\u00e9s et appris, et ce, par des millions de personnes. <\/p>\n\n\n\n<p>Nous pouvons ainsi citer le corse, le basque, le catalan ou encore le breton, qui ne sont que des exemples parmi des dizaines d\u2019autres&nbsp;! <\/p>\n\n\n\n<p>Bien que certaines r\u00e9gions proposent des cursus d\u2019enseignement comprenant des modules d\u00e9di\u00e9s aux langues locales, la transmission de celles-ci semble davantage \u00eatre r\u00e9alis\u00e9e en priv\u00e9.  <\/p>\n\n\n\n<p>Cependant, l\u2019<strong>apprentissage du dialecte local<\/strong> semble \u00eatre en perte de vitesse&nbsp;: cela concerne par exemple le Proven\u00e7al, qui \u00e9tait transmis dans seulement une famille sur dix en 2000.<\/p>\n\n\n\n<p>D\u2019autres langues r\u00e9gionales semblent mieux s\u2019en sortir, comme l\u2019Alsacien, qui est transmis de g\u00e9n\u00e9ration en g\u00e9n\u00e9ration dans 40 % des cas, selon la m\u00eame \u00e9tude de l\u2019Ined. <\/p>\n\n\n\n<p>La tendance fran\u00e7aise \u00e0 bouder les langues \u00e9trang\u00e8res ne semble donc pas faire exception lorsqu\u2019il s\u2019agit de pratiquer un dialecte r\u00e9gional. <\/p>\n\n\n\n<h2 class=\"wp-block-heading\">Notre astuce pour r\u00e9aliser des traductions depuis le fran\u00e7ais <\/h2>\n\n\n\n<p>Malgr\u00e9 un monde orient\u00e9 vers les \u00e9changes professionnels et culturels interlangues,<strong> les langues \u00e9trang\u00e8res les plus parl\u00e9es en France<\/strong> ne semblent pas \u00eatre ma\u00eetris\u00e9es par la plupart des Fran\u00e7ais. <\/p>\n\n\n\n<p>La meilleure solution pour la traduction de vos documents, livres, fiches produits et articles de blog semble alors tout indiqu\u00e9e&nbsp;: faire appel \u00e0 un traducteur fran\u00e7ais professionnel&nbsp;! <a href=\"https:\/\/traduc.com\/quotation_requests\/new\">Demandez un devis pour vos traductions<\/a> \u00e0 nos sp\u00e9cialistes, et b\u00e9n\u00e9ficiez d\u2019un accompagnement sur mesure pour tous vos besoins via notre plateforme Traduc.com. <\/p>\n","protected":false},"excerpt":{"rendered":"<p>Les Fran\u00e7ais sont-ils vraiment de mauvais \u00e9l\u00e8ves en mati\u00e8re de bilinguisme&nbsp;? \u00c0 l\u2019heure de la mondialisation et de la n\u00e9cessit\u00e9 d\u2019\u00e9changer avec les autres citoyens du monde, la ma\u00eetrise d\u2019une autre langue est devenue plus qu\u2019indispensable. Heureusement, nos traducteurs professionnels, qui \u0153uvrent sur notre plateforme de traduction en ligne, permettent \u00e0 vos textes d\u2019\u00eatre lus [&hellip;]<\/p>\n","protected":false},"author":68,"featured_media":15771,"comment_status":"closed","ping_status":"closed","sticky":false,"template":"","format":"standard","meta":{"_acf_changed":false,"inline_featured_image":false,"footnotes":""},"categories":[2],"tags":[],"class_list":["post-13240","post","type-post","status-publish","format-standard","has-post-thumbnail","hentry","category-langues"],"acf":[],"yoast_head":"<!-- This site is optimized with the Yoast SEO plugin v25.9 - https:\/\/yoast.com\/wordpress\/plugins\/seo\/ -->\n<title>Quelles sont les langues \u00e9trang\u00e8res les plus parl\u00e9es en France&nbsp;? -<\/title>\n<meta name=\"description\" content=\"Les langues \u00e9trang\u00e8res les plus parl\u00e9es en France sont l&#039;arabe, l&#039;anglais, l&#039;allemand, l&#039;espagnol et l&#039;italien.\" \/>\n<meta name=\"robots\" content=\"index, follow, max-snippet:-1, max-image-preview:large, max-video-preview:-1\" \/>\n<link rel=\"canonical\" href=\"https:\/\/traduc.com\/blog\/langues-etrangeres-parlees-france\/\" \/>\n<meta property=\"og:locale\" content=\"fr_FR\" \/>\n<meta property=\"og:type\" content=\"article\" \/>\n<meta property=\"og:title\" content=\"Quelles sont les langues \u00e9trang\u00e8res les plus parl\u00e9es en France&nbsp;? -\" \/>\n<meta property=\"og:description\" content=\"Les langues \u00e9trang\u00e8res les plus parl\u00e9es en France sont l&#039;arabe, l&#039;anglais, l&#039;allemand, l&#039;espagnol et l&#039;italien.\" \/>\n<meta property=\"og:url\" content=\"https:\/\/traduc.com\/blog\/langues-etrangeres-parlees-france\/\" \/>\n<meta property=\"og:site_name\" content=\"Traduc.com\" \/>\n<meta property=\"article:publisher\" content=\"https:\/\/www.facebook.com\/plateforme.traduc\/\" \/>\n<meta property=\"article:published_time\" content=\"2026-01-26T14:55:00+00:00\" \/>\n<meta property=\"article:modified_time\" content=\"2026-01-26T14:55:12+00:00\" \/>\n<meta property=\"og:image\" content=\"https:\/\/traduc.com\/blog\/wp-content\/uploads\/sites\/2\/2025\/03\/langues-etrangeres-parlees-france.png\" \/>\n\t<meta property=\"og:image:width\" content=\"1200\" \/>\n\t<meta property=\"og:image:height\" content=\"675\" \/>\n\t<meta property=\"og:image:type\" content=\"image\/png\" \/>\n<meta name=\"author\" content=\"L\u00e9na Buffa\" \/>\n<meta name=\"twitter:card\" content=\"summary_large_image\" \/>\n<meta name=\"twitter:creator\" content=\"@Traduc_com\" \/>\n<meta name=\"twitter:site\" content=\"@Traduc_com\" \/>\n<meta name=\"twitter:label1\" content=\"\u00c9crit par\" \/>\n\t<meta name=\"twitter:data1\" content=\"L\u00e9na Buffa\" \/>\n\t<meta name=\"twitter:label2\" content=\"Dur\u00e9e de lecture estim\u00e9e\" \/>\n\t<meta name=\"twitter:data2\" content=\"6 minutes\" \/>\n<script type=\"application\/ld+json\" class=\"yoast-schema-graph\">{\"@context\":\"https:\/\/schema.org\",\"@graph\":[{\"@type\":\"Article\",\"@id\":\"https:\/\/traduc.com\/blog\/langues-etrangeres-parlees-france\/#article\",\"isPartOf\":{\"@id\":\"https:\/\/traduc.com\/blog\/langues-etrangeres-parlees-france\/\"},\"author\":{\"name\":\"L\u00e9na Buffa\",\"@id\":\"https:\/\/traduc.com\/blog\/#\/schema\/person\/df2a2bd8cc6b1be6cc11b1c9da3fb8d5\"},\"headline\":\"Quelles sont les langues \u00e9trang\u00e8res les plus parl\u00e9es en France&nbsp;?\",\"datePublished\":\"2026-01-26T14:55:00+00:00\",\"dateModified\":\"2026-01-26T14:55:12+00:00\",\"mainEntityOfPage\":{\"@id\":\"https:\/\/traduc.com\/blog\/langues-etrangeres-parlees-france\/\"},\"wordCount\":1149,\"publisher\":{\"@id\":\"https:\/\/traduc.com\/blog\/#organization\"},\"image\":{\"@id\":\"https:\/\/traduc.com\/blog\/langues-etrangeres-parlees-france\/#primaryimage\"},\"thumbnailUrl\":\"https:\/\/traduc.com\/blog\/wp-content\/uploads\/sites\/2\/2025\/03\/langues-etrangeres-parlees-france.png\",\"articleSection\":[\"Langues\"],\"inLanguage\":\"fr-FR\"},{\"@type\":\"WebPage\",\"@id\":\"https:\/\/traduc.com\/blog\/langues-etrangeres-parlees-france\/\",\"url\":\"https:\/\/traduc.com\/blog\/langues-etrangeres-parlees-france\/\",\"name\":\"Quelles sont les langues \u00e9trang\u00e8res les plus parl\u00e9es en France&nbsp;? -\",\"isPartOf\":{\"@id\":\"https:\/\/traduc.com\/blog\/#website\"},\"primaryImageOfPage\":{\"@id\":\"https:\/\/traduc.com\/blog\/langues-etrangeres-parlees-france\/#primaryimage\"},\"image\":{\"@id\":\"https:\/\/traduc.com\/blog\/langues-etrangeres-parlees-france\/#primaryimage\"},\"thumbnailUrl\":\"https:\/\/traduc.com\/blog\/wp-content\/uploads\/sites\/2\/2025\/03\/langues-etrangeres-parlees-france.png\",\"datePublished\":\"2026-01-26T14:55:00+00:00\",\"dateModified\":\"2026-01-26T14:55:12+00:00\",\"description\":\"Les langues \u00e9trang\u00e8res les plus parl\u00e9es en France sont l'arabe, l'anglais, l'allemand, l'espagnol et l'italien.\",\"breadcrumb\":{\"@id\":\"https:\/\/traduc.com\/blog\/langues-etrangeres-parlees-france\/#breadcrumb\"},\"inLanguage\":\"fr-FR\",\"potentialAction\":[{\"@type\":\"ReadAction\",\"target\":[\"https:\/\/traduc.com\/blog\/langues-etrangeres-parlees-france\/\"]}]},{\"@type\":\"ImageObject\",\"inLanguage\":\"fr-FR\",\"@id\":\"https:\/\/traduc.com\/blog\/langues-etrangeres-parlees-france\/#primaryimage\",\"url\":\"https:\/\/traduc.com\/blog\/wp-content\/uploads\/sites\/2\/2025\/03\/langues-etrangeres-parlees-france.png\",\"contentUrl\":\"https:\/\/traduc.com\/blog\/wp-content\/uploads\/sites\/2\/2025\/03\/langues-etrangeres-parlees-france.png\",\"width\":1200,\"height\":675,\"caption\":\"langues parl\u00e9es en france\"},{\"@type\":\"BreadcrumbList\",\"@id\":\"https:\/\/traduc.com\/blog\/langues-etrangeres-parlees-france\/#breadcrumb\",\"itemListElement\":[{\"@type\":\"ListItem\",\"position\":1,\"name\":\"Blog\",\"item\":\"https:\/\/traduc.com\/blog\/\"},{\"@type\":\"ListItem\",\"position\":2,\"name\":\"Langues\",\"item\":\"https:\/\/traduc.com\/blog\/langues\/\"},{\"@type\":\"ListItem\",\"position\":3,\"name\":\"Quelles sont les langues \u00e9trang\u00e8res les plus parl\u00e9es en France&nbsp;?\"}]},{\"@type\":\"WebSite\",\"@id\":\"https:\/\/traduc.com\/blog\/#website\",\"url\":\"https:\/\/traduc.com\/blog\/\",\"name\":\"Traduc.com\",\"description\":\"traduc\",\"publisher\":{\"@id\":\"https:\/\/traduc.com\/blog\/#organization\"},\"potentialAction\":[{\"@type\":\"SearchAction\",\"target\":{\"@type\":\"EntryPoint\",\"urlTemplate\":\"https:\/\/traduc.com\/blog\/?s={search_term_string}\"},\"query-input\":{\"@type\":\"PropertyValueSpecification\",\"valueRequired\":true,\"valueName\":\"search_term_string\"}}],\"inLanguage\":\"fr-FR\"},{\"@type\":\"Organization\",\"@id\":\"https:\/\/traduc.com\/blog\/#organization\",\"name\":\"Traduc.com\",\"url\":\"https:\/\/traduc.com\/blog\/\",\"logo\":{\"@type\":\"ImageObject\",\"inLanguage\":\"fr-FR\",\"@id\":\"https:\/\/traduc.com\/blog\/#\/schema\/logo\/image\/\",\"url\":\"https:\/\/traduc.com\/blog\/wp-content\/uploads\/sites\/2\/2022\/10\/logo-traduc-blog_midheight.svg\",\"contentUrl\":\"https:\/\/traduc.com\/blog\/wp-content\/uploads\/sites\/2\/2022\/10\/logo-traduc-blog_midheight.svg\",\"width\":1,\"height\":1,\"caption\":\"Traduc.com\"},\"image\":{\"@id\":\"https:\/\/traduc.com\/blog\/#\/schema\/logo\/image\/\"},\"sameAs\":[\"https:\/\/www.facebook.com\/plateforme.traduc\/\",\"https:\/\/x.com\/Traduc_com\",\"https:\/\/www.linkedin.com\/company\/traduc-com\/\"]},{\"@type\":\"Person\",\"@id\":\"https:\/\/traduc.com\/blog\/#\/schema\/person\/df2a2bd8cc6b1be6cc11b1c9da3fb8d5\",\"name\":\"L\u00e9na Buffa\",\"image\":{\"@type\":\"ImageObject\",\"inLanguage\":\"fr-FR\",\"@id\":\"https:\/\/traduc.com\/blog\/#\/schema\/person\/image\/\",\"url\":\"https:\/\/secure.gravatar.com\/avatar\/546cb53042a21967104eab7325a16307a6a87307a6b0d8f73e9654663269933c?s=96&d=mm&r=g\",\"contentUrl\":\"https:\/\/secure.gravatar.com\/avatar\/546cb53042a21967104eab7325a16307a6a87307a6b0d8f73e9654663269933c?s=96&d=mm&r=g\",\"caption\":\"L\u00e9na Buffa\"},\"description\":\"Passionn\u00e9e de sport autant que de musique, j'aime partir \u00e0 la d\u00e9couverte de nouveaux horizons. Ma vie professionnelle tourne autour du web et de la r\u00e9daction sous toutes ses formes. D\u00e8s qu'il s'agit d'\u00e9crire, tout m'int\u00e9resse et je suis toujours curieuse de vivre de nouvelles exp\u00e9riences !\",\"sameAs\":[\"https:\/\/www.linkedin.com\/in\/lena-buffa-52041241\/\"],\"url\":\"https:\/\/traduc.com\/blog\/author\/lena\/\"}]}<\/script>\n<!-- \/ Yoast SEO plugin. -->","yoast_head_json":{"title":"Quelles sont les langues \u00e9trang\u00e8res les plus parl\u00e9es en France&nbsp;? -","description":"Les langues \u00e9trang\u00e8res les plus parl\u00e9es en France sont l'arabe, l'anglais, l'allemand, l'espagnol et l'italien.","robots":{"index":"index","follow":"follow","max-snippet":"max-snippet:-1","max-image-preview":"max-image-preview:large","max-video-preview":"max-video-preview:-1"},"canonical":"https:\/\/traduc.com\/blog\/langues-etrangeres-parlees-france\/","og_locale":"fr_FR","og_type":"article","og_title":"Quelles sont les langues \u00e9trang\u00e8res les plus parl\u00e9es en France&nbsp;? -","og_description":"Les langues \u00e9trang\u00e8res les plus parl\u00e9es en France sont l'arabe, l'anglais, l'allemand, l'espagnol et l'italien.","og_url":"https:\/\/traduc.com\/blog\/langues-etrangeres-parlees-france\/","og_site_name":"Traduc.com","article_publisher":"https:\/\/www.facebook.com\/plateforme.traduc\/","article_published_time":"2026-01-26T14:55:00+00:00","article_modified_time":"2026-01-26T14:55:12+00:00","og_image":[{"width":1200,"height":675,"url":"https:\/\/traduc.com\/blog\/wp-content\/uploads\/sites\/2\/2025\/03\/langues-etrangeres-parlees-france.png","type":"image\/png"}],"author":"L\u00e9na Buffa","twitter_card":"summary_large_image","twitter_creator":"@Traduc_com","twitter_site":"@Traduc_com","twitter_misc":{"\u00c9crit par":"L\u00e9na Buffa","Dur\u00e9e de lecture estim\u00e9e":"6 minutes"},"schema":{"@context":"https:\/\/schema.org","@graph":[{"@type":"Article","@id":"https:\/\/traduc.com\/blog\/langues-etrangeres-parlees-france\/#article","isPartOf":{"@id":"https:\/\/traduc.com\/blog\/langues-etrangeres-parlees-france\/"},"author":{"name":"L\u00e9na Buffa","@id":"https:\/\/traduc.com\/blog\/#\/schema\/person\/df2a2bd8cc6b1be6cc11b1c9da3fb8d5"},"headline":"Quelles sont les langues \u00e9trang\u00e8res les plus parl\u00e9es en France&nbsp;?","datePublished":"2026-01-26T14:55:00+00:00","dateModified":"2026-01-26T14:55:12+00:00","mainEntityOfPage":{"@id":"https:\/\/traduc.com\/blog\/langues-etrangeres-parlees-france\/"},"wordCount":1149,"publisher":{"@id":"https:\/\/traduc.com\/blog\/#organization"},"image":{"@id":"https:\/\/traduc.com\/blog\/langues-etrangeres-parlees-france\/#primaryimage"},"thumbnailUrl":"https:\/\/traduc.com\/blog\/wp-content\/uploads\/sites\/2\/2025\/03\/langues-etrangeres-parlees-france.png","articleSection":["Langues"],"inLanguage":"fr-FR"},{"@type":"WebPage","@id":"https:\/\/traduc.com\/blog\/langues-etrangeres-parlees-france\/","url":"https:\/\/traduc.com\/blog\/langues-etrangeres-parlees-france\/","name":"Quelles sont les langues \u00e9trang\u00e8res les plus parl\u00e9es en France&nbsp;? -","isPartOf":{"@id":"https:\/\/traduc.com\/blog\/#website"},"primaryImageOfPage":{"@id":"https:\/\/traduc.com\/blog\/langues-etrangeres-parlees-france\/#primaryimage"},"image":{"@id":"https:\/\/traduc.com\/blog\/langues-etrangeres-parlees-france\/#primaryimage"},"thumbnailUrl":"https:\/\/traduc.com\/blog\/wp-content\/uploads\/sites\/2\/2025\/03\/langues-etrangeres-parlees-france.png","datePublished":"2026-01-26T14:55:00+00:00","dateModified":"2026-01-26T14:55:12+00:00","description":"Les langues \u00e9trang\u00e8res les plus parl\u00e9es en France sont l'arabe, l'anglais, l'allemand, l'espagnol et l'italien.","breadcrumb":{"@id":"https:\/\/traduc.com\/blog\/langues-etrangeres-parlees-france\/#breadcrumb"},"inLanguage":"fr-FR","potentialAction":[{"@type":"ReadAction","target":["https:\/\/traduc.com\/blog\/langues-etrangeres-parlees-france\/"]}]},{"@type":"ImageObject","inLanguage":"fr-FR","@id":"https:\/\/traduc.com\/blog\/langues-etrangeres-parlees-france\/#primaryimage","url":"https:\/\/traduc.com\/blog\/wp-content\/uploads\/sites\/2\/2025\/03\/langues-etrangeres-parlees-france.png","contentUrl":"https:\/\/traduc.com\/blog\/wp-content\/uploads\/sites\/2\/2025\/03\/langues-etrangeres-parlees-france.png","width":1200,"height":675,"caption":"langues parl\u00e9es en france"},{"@type":"BreadcrumbList","@id":"https:\/\/traduc.com\/blog\/langues-etrangeres-parlees-france\/#breadcrumb","itemListElement":[{"@type":"ListItem","position":1,"name":"Blog","item":"https:\/\/traduc.com\/blog\/"},{"@type":"ListItem","position":2,"name":"Langues","item":"https:\/\/traduc.com\/blog\/langues\/"},{"@type":"ListItem","position":3,"name":"Quelles sont les langues \u00e9trang\u00e8res les plus parl\u00e9es en France&nbsp;?"}]},{"@type":"WebSite","@id":"https:\/\/traduc.com\/blog\/#website","url":"https:\/\/traduc.com\/blog\/","name":"Traduc.com","description":"traduc","publisher":{"@id":"https:\/\/traduc.com\/blog\/#organization"},"potentialAction":[{"@type":"SearchAction","target":{"@type":"EntryPoint","urlTemplate":"https:\/\/traduc.com\/blog\/?s={search_term_string}"},"query-input":{"@type":"PropertyValueSpecification","valueRequired":true,"valueName":"search_term_string"}}],"inLanguage":"fr-FR"},{"@type":"Organization","@id":"https:\/\/traduc.com\/blog\/#organization","name":"Traduc.com","url":"https:\/\/traduc.com\/blog\/","logo":{"@type":"ImageObject","inLanguage":"fr-FR","@id":"https:\/\/traduc.com\/blog\/#\/schema\/logo\/image\/","url":"https:\/\/traduc.com\/blog\/wp-content\/uploads\/sites\/2\/2022\/10\/logo-traduc-blog_midheight.svg","contentUrl":"https:\/\/traduc.com\/blog\/wp-content\/uploads\/sites\/2\/2022\/10\/logo-traduc-blog_midheight.svg","width":1,"height":1,"caption":"Traduc.com"},"image":{"@id":"https:\/\/traduc.com\/blog\/#\/schema\/logo\/image\/"},"sameAs":["https:\/\/www.facebook.com\/plateforme.traduc\/","https:\/\/x.com\/Traduc_com","https:\/\/www.linkedin.com\/company\/traduc-com\/"]},{"@type":"Person","@id":"https:\/\/traduc.com\/blog\/#\/schema\/person\/df2a2bd8cc6b1be6cc11b1c9da3fb8d5","name":"L\u00e9na Buffa","image":{"@type":"ImageObject","inLanguage":"fr-FR","@id":"https:\/\/traduc.com\/blog\/#\/schema\/person\/image\/","url":"https:\/\/secure.gravatar.com\/avatar\/546cb53042a21967104eab7325a16307a6a87307a6b0d8f73e9654663269933c?s=96&d=mm&r=g","contentUrl":"https:\/\/secure.gravatar.com\/avatar\/546cb53042a21967104eab7325a16307a6a87307a6b0d8f73e9654663269933c?s=96&d=mm&r=g","caption":"L\u00e9na Buffa"},"description":"Passionn\u00e9e de sport autant que de musique, j'aime partir \u00e0 la d\u00e9couverte de nouveaux horizons. Ma vie professionnelle tourne autour du web et de la r\u00e9daction sous toutes ses formes. D\u00e8s qu'il s'agit d'\u00e9crire, tout m'int\u00e9resse et je suis toujours curieuse de vivre de nouvelles exp\u00e9riences !","sameAs":["https:\/\/www.linkedin.com\/in\/lena-buffa-52041241\/"],"url":"https:\/\/traduc.com\/blog\/author\/lena\/"}]}},"_links":{"self":[{"href":"https:\/\/traduc.com\/blog\/wp-json\/wp\/v2\/posts\/13240","targetHints":{"allow":["GET"]}}],"collection":[{"href":"https:\/\/traduc.com\/blog\/wp-json\/wp\/v2\/posts"}],"about":[{"href":"https:\/\/traduc.com\/blog\/wp-json\/wp\/v2\/types\/post"}],"author":[{"embeddable":true,"href":"https:\/\/traduc.com\/blog\/wp-json\/wp\/v2\/users\/68"}],"replies":[{"embeddable":true,"href":"https:\/\/traduc.com\/blog\/wp-json\/wp\/v2\/comments?post=13240"}],"version-history":[{"count":0,"href":"https:\/\/traduc.com\/blog\/wp-json\/wp\/v2\/posts\/13240\/revisions"}],"wp:featuredmedia":[{"embeddable":true,"href":"https:\/\/traduc.com\/blog\/wp-json\/wp\/v2\/media\/15771"}],"wp:attachment":[{"href":"https:\/\/traduc.com\/blog\/wp-json\/wp\/v2\/media?parent=13240"}],"wp:term":[{"taxonomy":"category","embeddable":true,"href":"https:\/\/traduc.com\/blog\/wp-json\/wp\/v2\/categories?post=13240"},{"taxonomy":"post_tag","embeddable":true,"href":"https:\/\/traduc.com\/blog\/wp-json\/wp\/v2\/tags?post=13240"}],"curies":[{"name":"wp","href":"https:\/\/api.w.org\/{rel}","templated":true}]}}