{"id":14878,"date":"2025-11-17T15:50:00","date_gmt":"2025-11-17T14:50:00","guid":{"rendered":"https:\/\/traduc.com\/blog\/?p=14878"},"modified":"2025-11-17T15:50:07","modified_gmt":"2025-11-17T14:50:07","slug":"langue-de-l-europe-traduction","status":"publish","type":"post","link":"https:\/\/traduc.com\/blog\/langue-de-l-europe-traduction\/","title":{"rendered":"La langue de l&#8217;Europe, c&#8217;est la traduction"},"content":{"rendered":"\n<p>C&#8217;est avec beaucoup d&#8217;esprit qu&#8217;Umberto Eco dit un jour que la langue de l&#8217;Europe \u00e9tait la traduction. Derri\u00e8re cette phrase qui interpelle se cache la r\u00e9alit\u00e9 linguistique du continent&nbsp;: multiple&nbsp;!<\/p>\n\n\n\n<p>Comme lui, les experts de notre <a href=\"https:\/\/traduc.com\/\">plateforme de traduction<\/a> sont convaincus qu&#8217;apporter le plus grand soin aux textes traduits est essentiel pour bien communiquer d&#8217;un pays \u00e0 l&#8217;autre.<\/p>\n\n\n\n<p>Car l&#8217;Europe a le multilinguisme pour fondement et, avec 24 langues officielles dans l&#8217;UE et bien plus encore qui sont parl\u00e9es par la population, les traducteurs jouent un r\u00f4le central dans les \u00e9changes, notamment professionnels.<\/p>\n\n\n\n<h2 class=\"wp-block-heading\">La pens\u00e9e d&#8217;Umberto Eco sur la langue en Europe<\/h2>\n\n\n\n<p>Romancier reconnu, Umberto Eco \u00e9tait aussi un grand universitaire et chercheur, passionn\u00e9 par les questions de linguistique et de s\u00e9miotique. Ses nombreuses \u00e9tudes sur ces sujets l&#8217;ont men\u00e9 \u00e0 d\u00e9cortiquer notre rapport aux langues, en s&#8217;int\u00e9ressant, entre autres, \u00e0 la mani\u00e8re dont se noue la communication entre les diff\u00e9rents peuples.<\/p>\n\n\n\n<p>Lui qui \u00e9tait italien et a enseign\u00e9 au Coll\u00e8ge de France, il a men\u00e9 notamment un cours exemplaire sur <strong>la qu\u00eate d&#8217;une langue parfaite en Europe<\/strong>. Mais apr\u00e8s avoir fouill\u00e9 dans dix si\u00e8cles d&#8217;histoire europ\u00e9enne, Umberto Eco en est arriv\u00e9 au constat qu&#8217;il s&#8217;agissait d&#8217;une utopie. Il n&#8217;existe pas <em>une <\/em>langue parfaite sur notre vaste continent, mais bien de multiples langues qui ont toutes leur valeur et qui cohabitent, se croisent et \u00e9changent entre elles. La traduction est en ce sens un support essentiel pour cr\u00e9er le lien entre les pays europ\u00e9ens.<\/p>\n\n\n\n<h2 class=\"wp-block-heading\">Combien y a-t-il de langues en Europe&nbsp;?<\/h2>\n\n\n\n<figure class=\"wp-block-image size-full\"><img decoding=\"async\" width=\"709\" height=\"663\" src=\"https:\/\/traduc.com\/blog\/wp-content\/uploads\/sites\/2\/2024\/01\/langue-de-l-europe-traduction.webp\" alt=\"\" class=\"wp-image-14880\" srcset=\"https:\/\/traduc.com\/blog\/wp-content\/uploads\/sites\/2\/2024\/01\/langue-de-l-europe-traduction.webp 709w, https:\/\/traduc.com\/blog\/wp-content\/uploads\/sites\/2\/2024\/01\/langue-de-l-europe-traduction-300x281.webp 300w, https:\/\/traduc.com\/blog\/wp-content\/uploads\/sites\/2\/2024\/01\/langue-de-l-europe-traduction-60x56.webp 60w, https:\/\/traduc.com\/blog\/wp-content\/uploads\/sites\/2\/2024\/01\/langue-de-l-europe-traduction-370x346.webp 370w, https:\/\/traduc.com\/blog\/wp-content\/uploads\/sites\/2\/2024\/01\/langue-de-l-europe-traduction-270x252.webp 270w, https:\/\/traduc.com\/blog\/wp-content\/uploads\/sites\/2\/2024\/01\/langue-de-l-europe-traduction-570x533.webp 570w\" sizes=\"(max-width: 709px) 100vw, 709px\" \/><\/figure>\n\n\n\n<h3 class=\"wp-block-heading\">Les langues officielles de l&#8217;Union europ\u00e9enne<\/h3>\n\n\n\n<p>On compte aujourd&#8217;hui 24 langues officielles dans l&#8217;Union europ\u00e9enne (pour un total de 27 \u00e9tats membres depuis la sortie du Royaume-Uni), alors qu&#8217;\u00e0 sa cr\u00e9ation il n&#8217;y en avait que quatre. Il s&#8217;agit de toutes les langues des pays membres de l&#8217;UE, ce qui signifie que cette liste n&#8217;est pas fig\u00e9e&nbsp;: elle peut varier en fonction des nouveaux pays int\u00e9gr\u00e9s.<\/p>\n\n\n\n<p>\u00c0 ce jour, celles qui ont le statut de langues officielles de l&#8217;Union europ\u00e9enne sont donc&nbsp;:<\/p>\n\n\n\n<ul class=\"wp-block-list\">\n<li><a href=\"https:\/\/traduc.com\/traductions\/francais-allemand\">allemand<\/a><\/li>\n\n\n\n<li><a href=\"https:\/\/traduc.com\/traductions\/francais-anglais-royaume-uni\">anglais<\/a><\/li>\n\n\n\n<li>bulgare<\/li>\n\n\n\n<li>croate<\/li>\n\n\n\n<li>danois<\/li>\n\n\n\n<li><a href=\"https:\/\/traduc.com\/traductions\/francais-espagnol\">espagnol<\/a><\/li>\n\n\n\n<li>estonien<\/li>\n\n\n\n<li>finnois<\/li>\n\n\n\n<li>fran\u00e7ais<\/li>\n\n\n\n<li>grec<\/li>\n\n\n\n<li>hongrois<\/li>\n\n\n\n<li>irlandais<\/li>\n\n\n\n<li><a href=\"https:\/\/traduc.com\/traductions\/francais-italien\">italien<\/a><\/li>\n\n\n\n<li>letton<\/li>\n\n\n\n<li>lituanien<\/li>\n\n\n\n<li>maltais<\/li>\n\n\n\n<li><a href=\"https:\/\/traduc.com\/traductions\/francais-neerlandais\">n\u00e9erlandais<\/a><\/li>\n\n\n\n<li>polonais<\/li>\n\n\n\n<li><a href=\"https:\/\/traduc.com\/traductions\/francais-portugais\">portugais<\/a><\/li>\n\n\n\n<li>roumain<\/li>\n\n\n\n<li>slovaque<\/li>\n\n\n\n<li>slov\u00e8ne<\/li>\n\n\n\n<li>su\u00e9dois<\/li>\n\n\n\n<li>tch\u00e8que<\/li>\n<\/ul>\n\n\n\n<p>Il faut noter que chaque \u00e9tat entrant dans l&#8217;UE peut compter sur le fait qu&#8217;au moins une de ses langues nationales int\u00e8gre cette liste, mais pas n\u00e9cessairement toutes. C&#8217;est ainsi que le russe, pourtant parl\u00e9 dans les pays de l&#8217;Est (notamment l&#8217;Estonie et la Lettonie), n&#8217;en fait pas partie.<\/p>\n\n\n\n<h3 class=\"wp-block-heading\">Les langues du continent europ\u00e9en<\/h3>\n\n\n\n<p>Mais attention, les langues parl\u00e9es en Europe ne se limitent pas \u00e0 ces 24, loin de l\u00e0&nbsp;! Il faut aussi prendre en compte les langues des pays du continent europ\u00e9en qui ne sont pas membres de l&#8217;UE (comme le russe, donc), ainsi qu&#8217;une grande vari\u00e9t\u00e9 de langues r\u00e9gionales ou minoritaires et de dialectes locaux.<\/p>\n\n\n\n<p>Certains pays reconnaissent plusieurs langues officielles au niveau national, auxquelles s&#8217;ajoutent celles qui, dans la pratique, sont utilis\u00e9es par leurs habitants. On peut par exemple citer la Suisse, qui compte <a href=\"https:\/\/traduc.com\/blog\/langue-suisse\/\">l&#8217;allemand, le fran\u00e7ais et l&#8217;italien parmi ses langues officielles<\/a>, mais dont la population parle aussi romanche ou des langues minoritaires autochtones.<\/p>\n\n\n\n<p>On trouve \u00e0 la fois des langues germaniques, romanes, balto-slaves, celtes ou encore caucasiennes en Europe. Avec une population d\u00e9passant les 750&nbsp;millions de personnes sur l\u2019ensemble du continent (et 448&nbsp;millions d\u2019habitants rien que dans l\u2019UE), on voit \u00e0 quel point la liste des langues comptant un nombre notable de locuteurs peut \u00eatre longue, chaque \u00e9tat ayant sa propre richesse linguistique.<\/p>\n\n\n\n<h2 class=\"wp-block-heading\">Le multilinguisme comme principe fondateur de l&#8217;Europe<\/h2>\n\n\n\n<p>Pour faire face \u00e0 cette situation, le multilinguisme est inscrit dans les principes fondateurs de l&#8217;Union europ\u00e9enne et dans la charte qui d\u00e9finit les droits des Europ\u00e9ens. En d&#8217;autres termes, <strong>l&#8217;UE prot\u00e8ge la diversit\u00e9 linguistique de ses \u00e9tats<\/strong> et favorise cette pluralit\u00e9 par le biais de l&#8217;apprentissage de toutes les langues au lieu d&#8217;instaurer une langue commune.<\/p>\n\n\n\n<p>Lorsque l&#8217;UE a \u00e9t\u00e9 cr\u00e9\u00e9e, il aurait pourtant pu y avoir la volont\u00e9 d&#8217;instaurer une \u00ab langue europ\u00e9enne \u00bb, une sorte de langage artificiel sur lequel tout le monde aurait \u00e9t\u00e9 cens\u00e9 trouver, litt\u00e9ralement, un terrain d&#8217;entente. Mais l&#8217;exemple de l&#8217;esp\u00e9ranto le montre parfaitement&nbsp;: celle qui est cens\u00e9e \u00eatre la langue universelle, parl\u00e9e et comprise par tous, n&#8217;a finalement pas d\u00e9pass\u00e9 le stade d&#8217;utopie. Si vous vous rendez en Allemagne et tentez de parler esp\u00e9ranto pour faire vos courses, admettez que vous auriez \u00e9norm\u00e9ment de chance de tomber sur un interlocuteur qui vous comprenne&nbsp;!<\/p>\n\n\n\n<p>Dans les faits, la pratique des langues en Europe est tout de m\u00eame moins idyllique que le laisse entendre le principe de multilinguisme. Car quand le besoin se pr\u00e9sente de trouver un langage commun pour \u00e9changer entre \u00e9trangers, l&#8217;anglais s&#8217;impose souvent. Il est en ce sens per\u00e7u comme <a href=\"https:\/\/traduc.com\/blog\/anglais-langue-universelle\/\">une langue universelle<\/a>, m\u00eame si sa pratique, souvent maladroite et simplifi\u00e9e pour les non-anglophones, m\u00e8ne \u00e0 ce que l&#8217;on appelle le <em>globish,<\/em> c&#8217;est-\u00e0-dire un anglais globalis\u00e9 et donc basique.<\/p>\n\n\n\n<h2 class=\"wp-block-heading\">Le r\u00f4le essentiel de la traduction<\/h2>\n\n\n\n<figure class=\"wp-block-image size-full\"><img decoding=\"async\" width=\"709\" height=\"702\" src=\"https:\/\/traduc.com\/blog\/wp-content\/uploads\/sites\/2\/2024\/01\/langue-de-l-europe-traduction-3.webp\" alt=\"\" class=\"wp-image-14882\" srcset=\"https:\/\/traduc.com\/blog\/wp-content\/uploads\/sites\/2\/2024\/01\/langue-de-l-europe-traduction-3.webp 709w, https:\/\/traduc.com\/blog\/wp-content\/uploads\/sites\/2\/2024\/01\/langue-de-l-europe-traduction-3-300x297.webp 300w, https:\/\/traduc.com\/blog\/wp-content\/uploads\/sites\/2\/2024\/01\/langue-de-l-europe-traduction-3-150x150.webp 150w, https:\/\/traduc.com\/blog\/wp-content\/uploads\/sites\/2\/2024\/01\/langue-de-l-europe-traduction-3-60x60.webp 60w, https:\/\/traduc.com\/blog\/wp-content\/uploads\/sites\/2\/2024\/01\/langue-de-l-europe-traduction-3-370x366.webp 370w, https:\/\/traduc.com\/blog\/wp-content\/uploads\/sites\/2\/2024\/01\/langue-de-l-europe-traduction-3-270x267.webp 270w, https:\/\/traduc.com\/blog\/wp-content\/uploads\/sites\/2\/2024\/01\/langue-de-l-europe-traduction-3-570x564.webp 570w\" sizes=\"(max-width: 709px) 100vw, 709px\" \/><\/figure>\n\n\n\n<p>Oui, l&#8217;anglais s&#8217;impose souvent pour \u00e9changer entre Europ\u00e9ens de langues diff\u00e9rentes, y compris au Parlement ou au Conseil. Mais malgr\u00e9 tout, le fait que l&#8217;UE ait 24 langues officielles signifie que tout citoyen peut \u00e9crire aux institutions europ\u00e9ennes dans l&#8217;une d&#8217;elles et obtenir en retour une r\u00e9ponse qu&#8217;il comprendra. Pas besoin d&#8217;en dire plus pour saisir \u00e0 quel point le r\u00f4le des traducteurs est central au plus haut niveau de l&#8217;Europe&nbsp;!<\/p>\n\n\n\n<p>Et cela vaut aussi dans les \u00e9changes quotidiens de tous les Europ\u00e9ens. Un \u00e9tudiant en recherche de documentation \u00e0 l&#8217;\u00e9tranger, une entreprise souhaitant \u00e9tendre son activit\u00e9 en dehors de ses fronti\u00e8res, un professionnel amen\u00e9 \u00e0 se d\u00e9placer\u2026 Les besoins d&#8217;interagir avec nos voisins parlant une autre langue que la n\u00f4tre sont innombrables.<\/p>\n\n\n\n<p>Pour en revenir \u00e0 Umberto Eco, s&#8217;il avait parfaitement saisi cette n\u00e9cessit\u00e9, il avait tout aussi bien compris le r\u00f4le essentiel de la traduction, car on ne peut \u00e9videmment pas parler toutes les langues. D&#8217;o\u00f9 cette petite phrase qu&#8217;il pronon\u00e7a&nbsp;: \u00ab La langue de l&#8217;Europe, c&#8217;est la traduction&nbsp;! \u00bb Pour les contenus \u00e9crits, il est en effet indispensable d&#8217;en passer par cette \u00e9tape qui permet de <strong>parfaitement saisir le sens d&#8217;origine du texte et de le restituer dans une autre langue<\/strong>, en soignant chaque d\u00e9tail et sans modifier les nuances. Il en va, bien souvent, de la r\u00e9ussite d&#8217;un projet.<\/p>\n\n\n\n<h2 class=\"wp-block-heading\">Comment obtenir une bonne traduction dans les langues de l&#8217;Europe<\/h2>\n\n\n\n<p>Cela peut para\u00eetre curieux, mais Umberto Eco s&#8217;\u00e9tait d\u00e9j\u00e0 int\u00e9ress\u00e9, il y a trente ans, \u00e0 la traduction automatique. Lui qui \u00e9tait r\u00e9put\u00e9 pour se montrer tr\u00e8s attentif \u00e0 la mani\u00e8re dont ses romans \u00e9taient traduits en diff\u00e9rentes langues, il avait assist\u00e9 \u00e0 une d\u00e9monstration de traduction via un appareil informatique. Le sens global, disait-il, \u00e9tait bien l\u00e0, mais l&#8217;outil passait \u00e0 c\u00f4t\u00e9 du souci du d\u00e9tail que requiert la traduction litt\u00e9raire.<\/p>\n\n\n\n<p>Cette faiblesse est-elle corrig\u00e9e aujourd&#8217;hui, au temps des traductions par l&#8217;IA&nbsp;? Pas vraiment&nbsp;! Alors, un conseil&nbsp;: si vous avez besoin de <strong>faire traduire des contenus dans une langue de l&#8217;Europe<\/strong>, confiez vos projets \u00e0 notre agence de traducteurs professionnels. <a href=\"https:\/\/traduc.com\/quotation_requests\/new\">Demandez un devis pour vos traductions<\/a> fran\u00e7ais-anglais, espagnol-allemand ou autres&nbsp;!<\/p>\n","protected":false},"excerpt":{"rendered":"<p>C&#8217;est avec beaucoup d&#8217;esprit qu&#8217;Umberto Eco dit un jour que la langue de l&#8217;Europe \u00e9tait la traduction. Derri\u00e8re cette phrase qui interpelle se cache la r\u00e9alit\u00e9 linguistique du continent&nbsp;: multiple&nbsp;! Comme lui, les experts de notre plateforme de traduction sont convaincus qu&#8217;apporter le plus grand soin aux textes traduits est essentiel pour bien communiquer d&#8217;un [&hellip;]<\/p>\n","protected":false},"author":1,"featured_media":16167,"comment_status":"closed","ping_status":"closed","sticky":false,"template":"","format":"standard","meta":{"_acf_changed":false,"inline_featured_image":false,"footnotes":""},"categories":[2],"tags":[],"class_list":["post-14878","post","type-post","status-publish","format-standard","has-post-thumbnail","hentry","category-langues"],"acf":[],"yoast_head":"<!-- This site is optimized with the Yoast SEO plugin v25.9 - https:\/\/yoast.com\/wordpress\/plugins\/seo\/ -->\n<title>La langue de l&#039;Europe, c&#039;est la traduction - Traduc Blog<\/title>\n<meta name=\"description\" content=\"La langue de l&#039;Europe n&#039;est ni l&#039;anglais, ni le fran\u00e7ais, ni m\u00eame l&#039;allemand. C&#039;est la traduction qui est utilis\u00e9e pour administrer l&#039;Europe.\" \/>\n<meta name=\"robots\" content=\"index, follow, max-snippet:-1, max-image-preview:large, max-video-preview:-1\" \/>\n<link rel=\"canonical\" href=\"https:\/\/traduc.com\/blog\/langue-de-l-europe-traduction\/\" \/>\n<meta property=\"og:locale\" content=\"fr_FR\" \/>\n<meta property=\"og:type\" content=\"article\" \/>\n<meta property=\"og:title\" content=\"La langue de l&#039;Europe, c&#039;est la traduction - Traduc Blog\" \/>\n<meta property=\"og:description\" content=\"La langue de l&#039;Europe n&#039;est ni l&#039;anglais, ni le fran\u00e7ais, ni m\u00eame l&#039;allemand. C&#039;est la traduction qui est utilis\u00e9e pour administrer l&#039;Europe.\" \/>\n<meta property=\"og:url\" content=\"https:\/\/traduc.com\/blog\/langue-de-l-europe-traduction\/\" \/>\n<meta property=\"og:site_name\" content=\"Traduc.com\" \/>\n<meta property=\"article:publisher\" content=\"https:\/\/www.facebook.com\/plateforme.traduc\/\" \/>\n<meta property=\"article:published_time\" content=\"2025-11-17T14:50:00+00:00\" \/>\n<meta property=\"article:modified_time\" content=\"2025-11-17T14:50:07+00:00\" \/>\n<meta property=\"og:image\" content=\"https:\/\/traduc.com\/blog\/wp-content\/uploads\/sites\/2\/2024\/01\/langue-europe-traduction.png\" \/>\n\t<meta property=\"og:image:width\" content=\"1200\" \/>\n\t<meta property=\"og:image:height\" content=\"675\" \/>\n\t<meta property=\"og:image:type\" content=\"image\/png\" \/>\n<meta name=\"author\" content=\"Laura Michaud\" \/>\n<meta name=\"twitter:card\" content=\"summary_large_image\" \/>\n<meta name=\"twitter:creator\" content=\"@Traduc_com\" \/>\n<meta name=\"twitter:site\" content=\"@Traduc_com\" \/>\n<meta name=\"twitter:label1\" content=\"\u00c9crit par\" \/>\n\t<meta name=\"twitter:data1\" content=\"Laura Michaud\" \/>\n\t<meta name=\"twitter:label2\" content=\"Dur\u00e9e de lecture estim\u00e9e\" \/>\n\t<meta name=\"twitter:data2\" content=\"7 minutes\" \/>\n<script type=\"application\/ld+json\" class=\"yoast-schema-graph\">{\"@context\":\"https:\/\/schema.org\",\"@graph\":[{\"@type\":\"Article\",\"@id\":\"https:\/\/traduc.com\/blog\/langue-de-l-europe-traduction\/#article\",\"isPartOf\":{\"@id\":\"https:\/\/traduc.com\/blog\/langue-de-l-europe-traduction\/\"},\"author\":{\"name\":\"Laura Michaud\",\"@id\":\"https:\/\/traduc.com\/blog\/#\/schema\/person\/33c0ef04707fbe50a096f282050bb5f2\"},\"headline\":\"La langue de l&#8217;Europe, c&#8217;est la traduction\",\"datePublished\":\"2025-11-17T14:50:00+00:00\",\"dateModified\":\"2025-11-17T14:50:07+00:00\",\"mainEntityOfPage\":{\"@id\":\"https:\/\/traduc.com\/blog\/langue-de-l-europe-traduction\/\"},\"wordCount\":1323,\"publisher\":{\"@id\":\"https:\/\/traduc.com\/blog\/#organization\"},\"image\":{\"@id\":\"https:\/\/traduc.com\/blog\/langue-de-l-europe-traduction\/#primaryimage\"},\"thumbnailUrl\":\"https:\/\/traduc.com\/blog\/wp-content\/uploads\/sites\/2\/2024\/01\/langue-europe-traduction.png\",\"articleSection\":[\"Langues\"],\"inLanguage\":\"fr-FR\"},{\"@type\":\"WebPage\",\"@id\":\"https:\/\/traduc.com\/blog\/langue-de-l-europe-traduction\/\",\"url\":\"https:\/\/traduc.com\/blog\/langue-de-l-europe-traduction\/\",\"name\":\"La langue de l'Europe, c'est la traduction - Traduc Blog\",\"isPartOf\":{\"@id\":\"https:\/\/traduc.com\/blog\/#website\"},\"primaryImageOfPage\":{\"@id\":\"https:\/\/traduc.com\/blog\/langue-de-l-europe-traduction\/#primaryimage\"},\"image\":{\"@id\":\"https:\/\/traduc.com\/blog\/langue-de-l-europe-traduction\/#primaryimage\"},\"thumbnailUrl\":\"https:\/\/traduc.com\/blog\/wp-content\/uploads\/sites\/2\/2024\/01\/langue-europe-traduction.png\",\"datePublished\":\"2025-11-17T14:50:00+00:00\",\"dateModified\":\"2025-11-17T14:50:07+00:00\",\"description\":\"La langue de l'Europe n'est ni l'anglais, ni le fran\u00e7ais, ni m\u00eame l'allemand. C'est la traduction qui est utilis\u00e9e pour administrer l'Europe.\",\"breadcrumb\":{\"@id\":\"https:\/\/traduc.com\/blog\/langue-de-l-europe-traduction\/#breadcrumb\"},\"inLanguage\":\"fr-FR\",\"potentialAction\":[{\"@type\":\"ReadAction\",\"target\":[\"https:\/\/traduc.com\/blog\/langue-de-l-europe-traduction\/\"]}]},{\"@type\":\"ImageObject\",\"inLanguage\":\"fr-FR\",\"@id\":\"https:\/\/traduc.com\/blog\/langue-de-l-europe-traduction\/#primaryimage\",\"url\":\"https:\/\/traduc.com\/blog\/wp-content\/uploads\/sites\/2\/2024\/01\/langue-europe-traduction.png\",\"contentUrl\":\"https:\/\/traduc.com\/blog\/wp-content\/uploads\/sites\/2\/2024\/01\/langue-europe-traduction.png\",\"width\":1200,\"height\":675,\"caption\":\"langue europe traduction\"},{\"@type\":\"BreadcrumbList\",\"@id\":\"https:\/\/traduc.com\/blog\/langue-de-l-europe-traduction\/#breadcrumb\",\"itemListElement\":[{\"@type\":\"ListItem\",\"position\":1,\"name\":\"Blog\",\"item\":\"https:\/\/traduc.com\/blog\/\"},{\"@type\":\"ListItem\",\"position\":2,\"name\":\"Langues\",\"item\":\"https:\/\/traduc.com\/blog\/langues\/\"},{\"@type\":\"ListItem\",\"position\":3,\"name\":\"La langue de l&#8217;Europe, c&#8217;est la traduction\"}]},{\"@type\":\"WebSite\",\"@id\":\"https:\/\/traduc.com\/blog\/#website\",\"url\":\"https:\/\/traduc.com\/blog\/\",\"name\":\"Traduc.com\",\"description\":\"traduc\",\"publisher\":{\"@id\":\"https:\/\/traduc.com\/blog\/#organization\"},\"potentialAction\":[{\"@type\":\"SearchAction\",\"target\":{\"@type\":\"EntryPoint\",\"urlTemplate\":\"https:\/\/traduc.com\/blog\/?s={search_term_string}\"},\"query-input\":{\"@type\":\"PropertyValueSpecification\",\"valueRequired\":true,\"valueName\":\"search_term_string\"}}],\"inLanguage\":\"fr-FR\"},{\"@type\":\"Organization\",\"@id\":\"https:\/\/traduc.com\/blog\/#organization\",\"name\":\"Traduc.com\",\"url\":\"https:\/\/traduc.com\/blog\/\",\"logo\":{\"@type\":\"ImageObject\",\"inLanguage\":\"fr-FR\",\"@id\":\"https:\/\/traduc.com\/blog\/#\/schema\/logo\/image\/\",\"url\":\"https:\/\/traduc.com\/blog\/wp-content\/uploads\/sites\/2\/2022\/10\/logo-traduc-blog_midheight.svg\",\"contentUrl\":\"https:\/\/traduc.com\/blog\/wp-content\/uploads\/sites\/2\/2022\/10\/logo-traduc-blog_midheight.svg\",\"width\":1,\"height\":1,\"caption\":\"Traduc.com\"},\"image\":{\"@id\":\"https:\/\/traduc.com\/blog\/#\/schema\/logo\/image\/\"},\"sameAs\":[\"https:\/\/www.facebook.com\/plateforme.traduc\/\",\"https:\/\/x.com\/Traduc_com\",\"https:\/\/www.linkedin.com\/company\/traduc-com\/\"]},{\"@type\":\"Person\",\"@id\":\"https:\/\/traduc.com\/blog\/#\/schema\/person\/33c0ef04707fbe50a096f282050bb5f2\",\"name\":\"Laura Michaud\",\"image\":{\"@type\":\"ImageObject\",\"inLanguage\":\"fr-FR\",\"@id\":\"https:\/\/traduc.com\/blog\/#\/schema\/person\/image\/\",\"url\":\"https:\/\/secure.gravatar.com\/avatar\/c3328cc0c887f98cec6b2979af3311ab6333fc7cc2d4847514cfec6a56fa08a7?s=96&d=mm&r=g\",\"contentUrl\":\"https:\/\/secure.gravatar.com\/avatar\/c3328cc0c887f98cec6b2979af3311ab6333fc7cc2d4847514cfec6a56fa08a7?s=96&d=mm&r=g\",\"caption\":\"Laura Michaud\"},\"description\":\"Laura connait tous les meilleurs outils pour g\u00e9rer des projets et une entreprise. Cr\u00e9ative, c'est aussi une sp\u00e9cialiste des outils de cr\u00e9ation graphique pour faire briller une entreprise.\",\"sameAs\":[\"https:\/\/www.linkedin.com\/in\/michaudlaura\/\"],\"url\":\"https:\/\/traduc.com\/blog\/author\/laura\/\"}]}<\/script>\n<!-- \/ Yoast SEO plugin. -->","yoast_head_json":{"title":"La langue de l'Europe, c'est la traduction - Traduc Blog","description":"La langue de l'Europe n'est ni l'anglais, ni le fran\u00e7ais, ni m\u00eame l'allemand. C'est la traduction qui est utilis\u00e9e pour administrer l'Europe.","robots":{"index":"index","follow":"follow","max-snippet":"max-snippet:-1","max-image-preview":"max-image-preview:large","max-video-preview":"max-video-preview:-1"},"canonical":"https:\/\/traduc.com\/blog\/langue-de-l-europe-traduction\/","og_locale":"fr_FR","og_type":"article","og_title":"La langue de l'Europe, c'est la traduction - Traduc Blog","og_description":"La langue de l'Europe n'est ni l'anglais, ni le fran\u00e7ais, ni m\u00eame l'allemand. C'est la traduction qui est utilis\u00e9e pour administrer l'Europe.","og_url":"https:\/\/traduc.com\/blog\/langue-de-l-europe-traduction\/","og_site_name":"Traduc.com","article_publisher":"https:\/\/www.facebook.com\/plateforme.traduc\/","article_published_time":"2025-11-17T14:50:00+00:00","article_modified_time":"2025-11-17T14:50:07+00:00","og_image":[{"width":1200,"height":675,"url":"https:\/\/traduc.com\/blog\/wp-content\/uploads\/sites\/2\/2024\/01\/langue-europe-traduction.png","type":"image\/png"}],"author":"Laura Michaud","twitter_card":"summary_large_image","twitter_creator":"@Traduc_com","twitter_site":"@Traduc_com","twitter_misc":{"\u00c9crit par":"Laura Michaud","Dur\u00e9e de lecture estim\u00e9e":"7 minutes"},"schema":{"@context":"https:\/\/schema.org","@graph":[{"@type":"Article","@id":"https:\/\/traduc.com\/blog\/langue-de-l-europe-traduction\/#article","isPartOf":{"@id":"https:\/\/traduc.com\/blog\/langue-de-l-europe-traduction\/"},"author":{"name":"Laura Michaud","@id":"https:\/\/traduc.com\/blog\/#\/schema\/person\/33c0ef04707fbe50a096f282050bb5f2"},"headline":"La langue de l&#8217;Europe, c&#8217;est la traduction","datePublished":"2025-11-17T14:50:00+00:00","dateModified":"2025-11-17T14:50:07+00:00","mainEntityOfPage":{"@id":"https:\/\/traduc.com\/blog\/langue-de-l-europe-traduction\/"},"wordCount":1323,"publisher":{"@id":"https:\/\/traduc.com\/blog\/#organization"},"image":{"@id":"https:\/\/traduc.com\/blog\/langue-de-l-europe-traduction\/#primaryimage"},"thumbnailUrl":"https:\/\/traduc.com\/blog\/wp-content\/uploads\/sites\/2\/2024\/01\/langue-europe-traduction.png","articleSection":["Langues"],"inLanguage":"fr-FR"},{"@type":"WebPage","@id":"https:\/\/traduc.com\/blog\/langue-de-l-europe-traduction\/","url":"https:\/\/traduc.com\/blog\/langue-de-l-europe-traduction\/","name":"La langue de l'Europe, c'est la traduction - Traduc Blog","isPartOf":{"@id":"https:\/\/traduc.com\/blog\/#website"},"primaryImageOfPage":{"@id":"https:\/\/traduc.com\/blog\/langue-de-l-europe-traduction\/#primaryimage"},"image":{"@id":"https:\/\/traduc.com\/blog\/langue-de-l-europe-traduction\/#primaryimage"},"thumbnailUrl":"https:\/\/traduc.com\/blog\/wp-content\/uploads\/sites\/2\/2024\/01\/langue-europe-traduction.png","datePublished":"2025-11-17T14:50:00+00:00","dateModified":"2025-11-17T14:50:07+00:00","description":"La langue de l'Europe n'est ni l'anglais, ni le fran\u00e7ais, ni m\u00eame l'allemand. C'est la traduction qui est utilis\u00e9e pour administrer l'Europe.","breadcrumb":{"@id":"https:\/\/traduc.com\/blog\/langue-de-l-europe-traduction\/#breadcrumb"},"inLanguage":"fr-FR","potentialAction":[{"@type":"ReadAction","target":["https:\/\/traduc.com\/blog\/langue-de-l-europe-traduction\/"]}]},{"@type":"ImageObject","inLanguage":"fr-FR","@id":"https:\/\/traduc.com\/blog\/langue-de-l-europe-traduction\/#primaryimage","url":"https:\/\/traduc.com\/blog\/wp-content\/uploads\/sites\/2\/2024\/01\/langue-europe-traduction.png","contentUrl":"https:\/\/traduc.com\/blog\/wp-content\/uploads\/sites\/2\/2024\/01\/langue-europe-traduction.png","width":1200,"height":675,"caption":"langue europe traduction"},{"@type":"BreadcrumbList","@id":"https:\/\/traduc.com\/blog\/langue-de-l-europe-traduction\/#breadcrumb","itemListElement":[{"@type":"ListItem","position":1,"name":"Blog","item":"https:\/\/traduc.com\/blog\/"},{"@type":"ListItem","position":2,"name":"Langues","item":"https:\/\/traduc.com\/blog\/langues\/"},{"@type":"ListItem","position":3,"name":"La langue de l&#8217;Europe, c&#8217;est la traduction"}]},{"@type":"WebSite","@id":"https:\/\/traduc.com\/blog\/#website","url":"https:\/\/traduc.com\/blog\/","name":"Traduc.com","description":"traduc","publisher":{"@id":"https:\/\/traduc.com\/blog\/#organization"},"potentialAction":[{"@type":"SearchAction","target":{"@type":"EntryPoint","urlTemplate":"https:\/\/traduc.com\/blog\/?s={search_term_string}"},"query-input":{"@type":"PropertyValueSpecification","valueRequired":true,"valueName":"search_term_string"}}],"inLanguage":"fr-FR"},{"@type":"Organization","@id":"https:\/\/traduc.com\/blog\/#organization","name":"Traduc.com","url":"https:\/\/traduc.com\/blog\/","logo":{"@type":"ImageObject","inLanguage":"fr-FR","@id":"https:\/\/traduc.com\/blog\/#\/schema\/logo\/image\/","url":"https:\/\/traduc.com\/blog\/wp-content\/uploads\/sites\/2\/2022\/10\/logo-traduc-blog_midheight.svg","contentUrl":"https:\/\/traduc.com\/blog\/wp-content\/uploads\/sites\/2\/2022\/10\/logo-traduc-blog_midheight.svg","width":1,"height":1,"caption":"Traduc.com"},"image":{"@id":"https:\/\/traduc.com\/blog\/#\/schema\/logo\/image\/"},"sameAs":["https:\/\/www.facebook.com\/plateforme.traduc\/","https:\/\/x.com\/Traduc_com","https:\/\/www.linkedin.com\/company\/traduc-com\/"]},{"@type":"Person","@id":"https:\/\/traduc.com\/blog\/#\/schema\/person\/33c0ef04707fbe50a096f282050bb5f2","name":"Laura Michaud","image":{"@type":"ImageObject","inLanguage":"fr-FR","@id":"https:\/\/traduc.com\/blog\/#\/schema\/person\/image\/","url":"https:\/\/secure.gravatar.com\/avatar\/c3328cc0c887f98cec6b2979af3311ab6333fc7cc2d4847514cfec6a56fa08a7?s=96&d=mm&r=g","contentUrl":"https:\/\/secure.gravatar.com\/avatar\/c3328cc0c887f98cec6b2979af3311ab6333fc7cc2d4847514cfec6a56fa08a7?s=96&d=mm&r=g","caption":"Laura Michaud"},"description":"Laura connait tous les meilleurs outils pour g\u00e9rer des projets et une entreprise. Cr\u00e9ative, c'est aussi une sp\u00e9cialiste des outils de cr\u00e9ation graphique pour faire briller une entreprise.","sameAs":["https:\/\/www.linkedin.com\/in\/michaudlaura\/"],"url":"https:\/\/traduc.com\/blog\/author\/laura\/"}]}},"_links":{"self":[{"href":"https:\/\/traduc.com\/blog\/wp-json\/wp\/v2\/posts\/14878","targetHints":{"allow":["GET"]}}],"collection":[{"href":"https:\/\/traduc.com\/blog\/wp-json\/wp\/v2\/posts"}],"about":[{"href":"https:\/\/traduc.com\/blog\/wp-json\/wp\/v2\/types\/post"}],"author":[{"embeddable":true,"href":"https:\/\/traduc.com\/blog\/wp-json\/wp\/v2\/users\/1"}],"replies":[{"embeddable":true,"href":"https:\/\/traduc.com\/blog\/wp-json\/wp\/v2\/comments?post=14878"}],"version-history":[{"count":0,"href":"https:\/\/traduc.com\/blog\/wp-json\/wp\/v2\/posts\/14878\/revisions"}],"wp:featuredmedia":[{"embeddable":true,"href":"https:\/\/traduc.com\/blog\/wp-json\/wp\/v2\/media\/16167"}],"wp:attachment":[{"href":"https:\/\/traduc.com\/blog\/wp-json\/wp\/v2\/media?parent=14878"}],"wp:term":[{"taxonomy":"category","embeddable":true,"href":"https:\/\/traduc.com\/blog\/wp-json\/wp\/v2\/categories?post=14878"},{"taxonomy":"post_tag","embeddable":true,"href":"https:\/\/traduc.com\/blog\/wp-json\/wp\/v2\/tags?post=14878"}],"curies":[{"name":"wp","href":"https:\/\/api.w.org\/{rel}","templated":true}]}}