{"id":15250,"date":"2024-09-18T09:00:00","date_gmt":"2024-09-18T07:00:00","guid":{"rendered":"https:\/\/traduc.com\/blog\/?p=15250"},"modified":"2024-09-17T09:28:29","modified_gmt":"2024-09-17T07:28:29","slug":"journee-europeenne-langues-2024","status":"publish","type":"post","link":"https:\/\/traduc.com\/blog\/journee-europeenne-langues-2024\/","title":{"rendered":"Journ\u00e9e europ\u00e9enne des langues 2024"},"content":{"rendered":"\n<p>Chaque ann\u00e9e, le 26 septembre a lieu la Journ\u00e9e europ\u00e9enne des langues. Moteur de la d\u00e9fense et la sauvegarde des langues en Europe, cette journ\u00e9e \u00e9v\u00e9nement est l&#8217;occasion de participer \u00e0 des activit\u00e9s linguistiques, ouvertes aussi bien aux scolaires qu&#8217;au grand public. Une mani\u00e8re de sensibiliser la population sur ce patrimoine immat\u00e9riel que repr\u00e9sentent les langues sur le continent europ\u00e9en.<\/p>\n\n\n\n<h2 class=\"wp-block-heading\">Comment est n\u00e9e la Journ\u00e9e europ\u00e9enne des langues&nbsp;?<\/h2>\n\n\n\n<p>La Journ\u00e9e europ\u00e9enne des langues a \u00e9t\u00e9 lanc\u00e9e par le Conseil de l&#8217;Europe, apr\u00e8s plusieurs ann\u00e9es de r\u00e9flexion autour de la question linguistique sur le continent. Sa cr\u00e9ation remonte \u00e0 2001, qui avait \u00e9t\u00e9 d\u00e9sign\u00e9e Ann\u00e9e europ\u00e9enne des langues. Les quarante-sept \u00e9tats membres du Conseil de l&#8217;Europe, \u00e0 l&#8217;\u00e9poque, avaient pris part \u00e0 ce qui allait s&#8217;av\u00e9rer \u00eatre un <strong>\u00e9v\u00e9nement fondateur dans la d\u00e9fense des langues sur le continent<\/strong>. Face au succ\u00e8s rencontr\u00e9, il a vite \u00e9t\u00e9 d\u00e9cid\u00e9 de le p\u00e9renniser en le rendant annuel.<\/p>\n\n\n\n<p><em>\u00ab L&#8217;apprentissage des langues aide \u00e0 renforcer la tol\u00e9rance et la compr\u00e9hension entre les personnes issues d&#8217;horizons linguistiques et culturels diff\u00e9rents \u00bb<\/em>, d\u00e9claraient \u00e0 cette occasion le secr\u00e9taire g\u00e9n\u00e9ral du Conseil de l&#8217;Europe et la commissaire europ\u00e9enne, en 2001. Ils posaient alors les fondements de ce qu&#8217;allait rester la Journ\u00e9e europ\u00e9enne des langues pour plusieurs dizaines d&#8217;ann\u00e9es.<\/p>\n\n\n\n<figure class=\"wp-block-image size-large\"><img decoding=\"async\" width=\"1024\" height=\"683\" src=\"https:\/\/traduc.com\/blog\/wp-content\/uploads\/sites\/2\/2024\/09\/drapeaux-pays-europe-1024x683.jpg\" alt=\"Drapeau de l'Union europ\u00e9enne et de pays europ\u00e9ens\" class=\"wp-image-15252\" srcset=\"https:\/\/traduc.com\/blog\/wp-content\/uploads\/sites\/2\/2024\/09\/drapeaux-pays-europe-1024x683.jpg 1024w, https:\/\/traduc.com\/blog\/wp-content\/uploads\/sites\/2\/2024\/09\/drapeaux-pays-europe-300x200.jpg 300w, https:\/\/traduc.com\/blog\/wp-content\/uploads\/sites\/2\/2024\/09\/drapeaux-pays-europe-768x512.jpg 768w, https:\/\/traduc.com\/blog\/wp-content\/uploads\/sites\/2\/2024\/09\/drapeaux-pays-europe-1536x1024.jpg 1536w, https:\/\/traduc.com\/blog\/wp-content\/uploads\/sites\/2\/2024\/09\/drapeaux-pays-europe-2048x1365.jpg 2048w, https:\/\/traduc.com\/blog\/wp-content\/uploads\/sites\/2\/2024\/09\/drapeaux-pays-europe-60x40.jpg 60w, https:\/\/traduc.com\/blog\/wp-content\/uploads\/sites\/2\/2024\/09\/drapeaux-pays-europe-370x247.jpg 370w, https:\/\/traduc.com\/blog\/wp-content\/uploads\/sites\/2\/2024\/09\/drapeaux-pays-europe-270x180.jpg 270w, https:\/\/traduc.com\/blog\/wp-content\/uploads\/sites\/2\/2024\/09\/drapeaux-pays-europe-570x380.jpg 570w, https:\/\/traduc.com\/blog\/wp-content\/uploads\/sites\/2\/2024\/09\/drapeaux-pays-europe-740x493.jpg 740w\" sizes=\"(max-width: 1024px) 100vw, 1024px\" \/><\/figure>\n\n\n\n<h2 class=\"wp-block-heading\">\u00c0 quoi sert la Journ\u00e9e europ\u00e9enne des langues&nbsp;?<\/h2>\n\n\n\n<p>Cette journ\u00e9e est organis\u00e9e chaque ann\u00e9e par le Conseil de l&#8217;Europe et l&#8217;Union europ\u00e9enne, et mise en \u0153uvre par le Centre europ\u00e9en pour les langues vivantes (CELV). Son but est de <strong>promouvoir les langues dans leur diversit\u00e9<\/strong>, d&#8217;<strong>encourager l&#8217;apprentissage de langues diversifi\u00e9es<\/strong> afin d&#8217;\u0153uvrer \u00e0 leur pr\u00e9servation et de <strong>d\u00e9fendre la ma\u00eetrise des langues comme un outil d\u00e9mocratique des citoyens europ\u00e9ens<\/strong>.<\/p>\n\n\n\n<p>\u00c0 travers cet \u00e9v\u00e9nement, les institutions europ\u00e9ennes mettent en lumi\u00e8re le patrimoine que repr\u00e9sente la diversit\u00e9 linguistique sur le continent. Souhaitant alerter le grand public sur la richesse de ce plurilinguisme, elles d\u00e9fendent son r\u00f4le dans <em>\u00ab une meilleure compr\u00e9hension interculturelle \u00bb<\/em>.<\/p>\n\n\n\n<p>Tout au long de cette journ\u00e9e, de multiples actions servent donc \u00e0 ouvrir la population aux langues \u00e9trang\u00e8res, pour le simple plaisir de pratiquer et d&#8217;\u00e9changer, mais aussi dans le but de faire d\u00e9couvrir de nouvelles langues et d&#8217;encourager leur apprentissage.<\/p>\n\n\n\n<h2 class=\"wp-block-heading\">Comment participer \u00e0 la Journ\u00e9e europ\u00e9enne des langues 2024&nbsp;?<\/h2>\n\n\n\n<p>La date de la Journ\u00e9e europ\u00e9enne des langues est fixe chaque ann\u00e9e&nbsp;: elle a donc lieu le 26 septembre 2024, avec pour th\u00e8me <strong>\u00ab Les langues pour la paix \u00bb<\/strong>. Lors de sa cr\u00e9ation, le Conseil de l&#8217;Europe l&#8217;a voulue <em>\u00ab flexible et d\u00e9centralis\u00e9e \u00bb<\/em>, et c&#8217;est ce qu&#8217;elle est toujours aujourd&#8217;hui. Aussi, il est possible d&#8217;y prendre part un peu partout&nbsp;:<\/p>\n\n\n\n<h3 class=\"wp-block-heading\">Dans les \u00e9coles<\/h3>\n\n\n\n<p>\u00c0 l&#8217;occasion de la Journ\u00e9e europ\u00e9enne des langues, les \u00e9l\u00e8ves sont encourag\u00e9s \u00e0 <strong>d\u00e9couvrir de nouvelles langues<\/strong>, que l&#8217;enseignement ne leur propose habituellement pas. Une mani\u00e8re, qui sait, de faire na\u00eetre des vocations aupr\u00e8s des \u00e9coliers et de d\u00e9velopper la pratique diversifi\u00e9e des langues.<\/p>\n\n\n\n<figure class=\"wp-block-image size-large\"><img decoding=\"async\" width=\"1024\" height=\"576\" src=\"https:\/\/traduc.com\/blog\/wp-content\/uploads\/sites\/2\/2024\/09\/apprentissage-langues-europeennes-1024x576.jpg\" alt=\"Enfant \u00e9crivant en plusieurs langues europ\u00e9ennes\" class=\"wp-image-15251\" srcset=\"https:\/\/traduc.com\/blog\/wp-content\/uploads\/sites\/2\/2024\/09\/apprentissage-langues-europeennes-1024x576.jpg 1024w, https:\/\/traduc.com\/blog\/wp-content\/uploads\/sites\/2\/2024\/09\/apprentissage-langues-europeennes-300x169.jpg 300w, https:\/\/traduc.com\/blog\/wp-content\/uploads\/sites\/2\/2024\/09\/apprentissage-langues-europeennes-768x432.jpg 768w, https:\/\/traduc.com\/blog\/wp-content\/uploads\/sites\/2\/2024\/09\/apprentissage-langues-europeennes-1536x864.jpg 1536w, https:\/\/traduc.com\/blog\/wp-content\/uploads\/sites\/2\/2024\/09\/apprentissage-langues-europeennes-2048x1152.jpg 2048w, https:\/\/traduc.com\/blog\/wp-content\/uploads\/sites\/2\/2024\/09\/apprentissage-langues-europeennes-60x34.jpg 60w, https:\/\/traduc.com\/blog\/wp-content\/uploads\/sites\/2\/2024\/09\/apprentissage-langues-europeennes-370x208.jpg 370w, https:\/\/traduc.com\/blog\/wp-content\/uploads\/sites\/2\/2024\/09\/apprentissage-langues-europeennes-270x152.jpg 270w, https:\/\/traduc.com\/blog\/wp-content\/uploads\/sites\/2\/2024\/09\/apprentissage-langues-europeennes-570x321.jpg 570w, https:\/\/traduc.com\/blog\/wp-content\/uploads\/sites\/2\/2024\/09\/apprentissage-langues-europeennes-740x416.jpg 740w\" sizes=\"(max-width: 1024px) 100vw, 1024px\" \/><\/figure>\n\n\n\n<p>Les programmes mis en place pour cette journ\u00e9e \u00e9v\u00e9nement visent aussi \u00e0 <strong>valoriser la cr\u00e9ation des \u00e9l\u00e8ves<\/strong> \u00e0 travers, par exemple, des activit\u00e9s artistiques, des caf\u00e9s linguistiques, une webradio, tous en lien avec la pratique des langues. Les exemples sont nombreux, pouss\u00e9s par l&#8217;inventivit\u00e9 des enseignants.<\/p>\n\n\n\n<p>La direction g\u00e9n\u00e9rale de la traduction au sein de la Commission europ\u00e9enne organise par ailleurs une <strong>grande dict\u00e9e multilingue<\/strong> \u00e0 l&#8217;occasion de la Journ\u00e9e europ\u00e9enne des langues. La dict\u00e9e s&#8217;adresse aux \u00e9l\u00e8ves de coll\u00e8ge et lyc\u00e9e et se fait en <a href=\"https:\/\/traduc.com\/traductions\/francais-anglais-royaume-uni\">anglais<\/a>, <a href=\"https:\/\/traduc.com\/traductions\/francais-allemand\">allemand<\/a>, <a href=\"https:\/\/traduc.com\/traductions\/francais-espagnol\">espagnol<\/a> et <a href=\"https:\/\/traduc.com\/traductions\/francais-italien\">italien<\/a>. D\u00e8s le 23 septembre, elle sera disponible pour tous les professeurs concern\u00e9s <a href=\"https:\/\/www.youtube.com\/@UEenFrance\">sur YouTube<\/a>.<\/p>\n\n\n\n<h3 class=\"wp-block-heading\">Dans les villes et en ligne<\/h3>\n\n\n\n<p>Paris, Chamb\u00e9ry, Tours, Lyon\u2026 Diff\u00e9rentes villes en France accueillent des \u00e9v\u00e9nements sp\u00e9ciaux \u00e0 l&#8217;occasion de la Journ\u00e9e europ\u00e9enne des langues. Organis\u00e9s par des centres linguistiques, des \u00e9tablissements publics ou des associations, ils ont tous pour but de faire d\u00e9couvrir au plus grand nombre de nouvelles langues. Il existe \u00e9galement des \u00e9v\u00e9nements en ligne pr\u00e9vus le 26 septembre, et d&#8217;autres organis\u00e9s sur une semaine enti\u00e8re. Le programme complet peut \u00eatre consult\u00e9 <a href=\"https:\/\/edl.ecml.at\/Events\/EventsDatabase\/tabid\/1772\/Default.aspx\">ici<\/a>.<\/p>\n\n\n\n<p>De plus, partout en Europe, chacun est invit\u00e9 \u00e0 cr\u00e9er une affiche sur le th\u00e8me \u00ab Les langues pour la paix \u00bb et la d\u00e9poser en ligne sur <a href=\"https:\/\/edl.ecml.at\/Activities\/peace\/tabid\/4295\/language\/fr-FR\/Default.aspx\">le site officiel du Conseil de l&#8217;Europe<\/a>, accessible en 43 langues. Les affiches doivent <em>\u00ab transmettre un message d&#8217;unit\u00e9 et de communication \u00e0 travers les langues \u00bb<\/em>, r\u00e9pondant ainsi au but premier de la Journ\u00e9e europ\u00e9enne des langues, vue comme un support d\u00e9mocratique.<\/p>\n\n\n\n<figure class=\"wp-block-image size-large\"><img decoding=\"async\" width=\"1024\" height=\"599\" src=\"https:\/\/traduc.com\/blog\/wp-content\/uploads\/sites\/2\/2024\/09\/drapeau-europeen-1024x599.jpg\" alt=\"Drapeau de l'Union europ\u00e9enne\" class=\"wp-image-15253\" srcset=\"https:\/\/traduc.com\/blog\/wp-content\/uploads\/sites\/2\/2024\/09\/drapeau-europeen-1024x599.jpg 1024w, https:\/\/traduc.com\/blog\/wp-content\/uploads\/sites\/2\/2024\/09\/drapeau-europeen-300x176.jpg 300w, https:\/\/traduc.com\/blog\/wp-content\/uploads\/sites\/2\/2024\/09\/drapeau-europeen-768x449.jpg 768w, https:\/\/traduc.com\/blog\/wp-content\/uploads\/sites\/2\/2024\/09\/drapeau-europeen-1536x899.jpg 1536w, https:\/\/traduc.com\/blog\/wp-content\/uploads\/sites\/2\/2024\/09\/drapeau-europeen-2048x1198.jpg 2048w, https:\/\/traduc.com\/blog\/wp-content\/uploads\/sites\/2\/2024\/09\/drapeau-europeen-60x35.jpg 60w, https:\/\/traduc.com\/blog\/wp-content\/uploads\/sites\/2\/2024\/09\/drapeau-europeen-370x216.jpg 370w, https:\/\/traduc.com\/blog\/wp-content\/uploads\/sites\/2\/2024\/09\/drapeau-europeen-270x158.jpg 270w, https:\/\/traduc.com\/blog\/wp-content\/uploads\/sites\/2\/2024\/09\/drapeau-europeen-570x333.jpg 570w, https:\/\/traduc.com\/blog\/wp-content\/uploads\/sites\/2\/2024\/09\/drapeau-europeen-740x433.jpg 740w\" sizes=\"(max-width: 1024px) 100vw, 1024px\" \/><\/figure>\n\n\n\n<h2 class=\"wp-block-heading\">Des traducteurs professionnels pour entretenir la diversit\u00e9 des langues<\/h2>\n\n\n\n<p>C&#8217;est bien connu, les meilleurs d\u00e9fenseurs des langues sont ceux qui les pratiquent&nbsp;! Alors pourquoi ne pas profiter de la Journ\u00e9e europ\u00e9enne des langues pour <strong>d\u00e9couvrir le m\u00e9tier de traducteur<\/strong>&nbsp;? En agence ou de mani\u00e8re ind\u00e9pendante, les traducteurs professionnels sont les alli\u00e9s auxquels chacun peut faire appel dans n&#8217;importe quelle situation du quotidien, et en particulier en cas de besoins de contenus multilingues dans la vie professionnelle.<\/p>\n\n\n\n<p>Chez Traduc.com, nous r\u00e9unissons un panel complet de traducteurs de m\u00e9tier op\u00e9rant dans plus de 90 langues. <a href=\"https:\/\/traduc.com\/quotation_requests\/new\">Demandez un devis pour vos traductions<\/a> et nous trouverons forc\u00e9ment le partenaire pour vous accompagner dans vos projets&nbsp;!<\/p>\n","protected":false},"excerpt":{"rendered":"<p>Chaque ann\u00e9e, le 26 septembre a lieu la Journ\u00e9e europ\u00e9enne des langues. Moteur de la d\u00e9fense et la sauvegarde des langues en Europe, cette journ\u00e9e \u00e9v\u00e9nement est l&#8217;occasion de participer \u00e0 des activit\u00e9s linguistiques, ouvertes aussi bien aux scolaires qu&#8217;au grand public. Une mani\u00e8re de sensibiliser la population sur ce patrimoine immat\u00e9riel que repr\u00e9sentent les [&hellip;]<\/p>\n","protected":false},"author":68,"featured_media":15255,"comment_status":"closed","ping_status":"closed","sticky":false,"template":"","format":"standard","meta":{"_acf_changed":false,"inline_featured_image":false,"footnotes":""},"categories":[2],"tags":[],"class_list":["post-15250","post","type-post","status-publish","format-standard","has-post-thumbnail","hentry","category-langues"],"acf":[],"yoast_head":"<!-- This site is optimized with the Yoast SEO plugin v25.9 - https:\/\/yoast.com\/wordpress\/plugins\/seo\/ -->\n<title>Journ\u00e9e europ\u00e9enne des langues 2024 - Traduc Blog<\/title>\n<meta name=\"description\" content=\"D\u00e9couvrez le programme de la Journ\u00e9e europ\u00e9enne des langues le 26 septembre 2024, grand \u00e9v\u00e9nement de d\u00e9fense de la diversit\u00e9 linguistique.\" \/>\n<meta name=\"robots\" content=\"index, follow, max-snippet:-1, max-image-preview:large, max-video-preview:-1\" \/>\n<link rel=\"canonical\" href=\"https:\/\/traduc.com\/blog\/journee-europeenne-langues-2024\/\" \/>\n<meta property=\"og:locale\" content=\"fr_FR\" \/>\n<meta property=\"og:type\" content=\"article\" \/>\n<meta property=\"og:title\" content=\"Journ\u00e9e europ\u00e9enne des langues 2024 - Traduc Blog\" \/>\n<meta property=\"og:description\" content=\"D\u00e9couvrez le programme de la Journ\u00e9e europ\u00e9enne des langues le 26 septembre 2024, grand \u00e9v\u00e9nement de d\u00e9fense de la diversit\u00e9 linguistique.\" \/>\n<meta property=\"og:url\" content=\"https:\/\/traduc.com\/blog\/journee-europeenne-langues-2024\/\" \/>\n<meta property=\"og:site_name\" content=\"Traduc.com\" \/>\n<meta property=\"article:publisher\" content=\"https:\/\/www.facebook.com\/plateforme.traduc\/\" \/>\n<meta property=\"article:published_time\" content=\"2024-09-18T07:00:00+00:00\" \/>\n<meta property=\"og:image\" content=\"https:\/\/traduc.com\/blog\/wp-content\/uploads\/sites\/2\/2024\/09\/journee-europeenne-langues-2024.jpg\" \/>\n\t<meta property=\"og:image:width\" content=\"1024\" \/>\n\t<meta property=\"og:image:height\" content=\"618\" \/>\n\t<meta property=\"og:image:type\" content=\"image\/jpeg\" \/>\n<meta name=\"author\" content=\"L\u00e9na Buffa\" \/>\n<meta name=\"twitter:card\" content=\"summary_large_image\" \/>\n<meta name=\"twitter:creator\" content=\"@Traduc_com\" \/>\n<meta name=\"twitter:site\" content=\"@Traduc_com\" \/>\n<meta name=\"twitter:label1\" content=\"\u00c9crit par\" \/>\n\t<meta name=\"twitter:data1\" content=\"L\u00e9na Buffa\" \/>\n\t<meta name=\"twitter:label2\" content=\"Dur\u00e9e de lecture estim\u00e9e\" \/>\n\t<meta name=\"twitter:data2\" content=\"6 minutes\" \/>\n<script type=\"application\/ld+json\" class=\"yoast-schema-graph\">{\"@context\":\"https:\/\/schema.org\",\"@graph\":[{\"@type\":\"Article\",\"@id\":\"https:\/\/traduc.com\/blog\/journee-europeenne-langues-2024\/#article\",\"isPartOf\":{\"@id\":\"https:\/\/traduc.com\/blog\/journee-europeenne-langues-2024\/\"},\"author\":{\"name\":\"L\u00e9na Buffa\",\"@id\":\"https:\/\/traduc.com\/blog\/#\/schema\/person\/df2a2bd8cc6b1be6cc11b1c9da3fb8d5\"},\"headline\":\"Journ\u00e9e europ\u00e9enne des langues 2024\",\"datePublished\":\"2024-09-18T07:00:00+00:00\",\"mainEntityOfPage\":{\"@id\":\"https:\/\/traduc.com\/blog\/journee-europeenne-langues-2024\/\"},\"wordCount\":979,\"publisher\":{\"@id\":\"https:\/\/traduc.com\/blog\/#organization\"},\"image\":{\"@id\":\"https:\/\/traduc.com\/blog\/journee-europeenne-langues-2024\/#primaryimage\"},\"thumbnailUrl\":\"https:\/\/traduc.com\/blog\/wp-content\/uploads\/sites\/2\/2024\/09\/journee-europeenne-langues-2024.jpg\",\"articleSection\":[\"Langues\"],\"inLanguage\":\"fr-FR\"},{\"@type\":\"WebPage\",\"@id\":\"https:\/\/traduc.com\/blog\/journee-europeenne-langues-2024\/\",\"url\":\"https:\/\/traduc.com\/blog\/journee-europeenne-langues-2024\/\",\"name\":\"Journ\u00e9e europ\u00e9enne des langues 2024 - Traduc Blog\",\"isPartOf\":{\"@id\":\"https:\/\/traduc.com\/blog\/#website\"},\"primaryImageOfPage\":{\"@id\":\"https:\/\/traduc.com\/blog\/journee-europeenne-langues-2024\/#primaryimage\"},\"image\":{\"@id\":\"https:\/\/traduc.com\/blog\/journee-europeenne-langues-2024\/#primaryimage\"},\"thumbnailUrl\":\"https:\/\/traduc.com\/blog\/wp-content\/uploads\/sites\/2\/2024\/09\/journee-europeenne-langues-2024.jpg\",\"datePublished\":\"2024-09-18T07:00:00+00:00\",\"description\":\"D\u00e9couvrez le programme de la Journ\u00e9e europ\u00e9enne des langues le 26 septembre 2024, grand \u00e9v\u00e9nement de d\u00e9fense de la diversit\u00e9 linguistique.\",\"breadcrumb\":{\"@id\":\"https:\/\/traduc.com\/blog\/journee-europeenne-langues-2024\/#breadcrumb\"},\"inLanguage\":\"fr-FR\",\"potentialAction\":[{\"@type\":\"ReadAction\",\"target\":[\"https:\/\/traduc.com\/blog\/journee-europeenne-langues-2024\/\"]}]},{\"@type\":\"ImageObject\",\"inLanguage\":\"fr-FR\",\"@id\":\"https:\/\/traduc.com\/blog\/journee-europeenne-langues-2024\/#primaryimage\",\"url\":\"https:\/\/traduc.com\/blog\/wp-content\/uploads\/sites\/2\/2024\/09\/journee-europeenne-langues-2024.jpg\",\"contentUrl\":\"https:\/\/traduc.com\/blog\/wp-content\/uploads\/sites\/2\/2024\/09\/journee-europeenne-langues-2024.jpg\",\"width\":1024,\"height\":618,\"caption\":\"Affiche officielle de la Journ\u00e9e europ\u00e9enne des langues 2024\"},{\"@type\":\"BreadcrumbList\",\"@id\":\"https:\/\/traduc.com\/blog\/journee-europeenne-langues-2024\/#breadcrumb\",\"itemListElement\":[{\"@type\":\"ListItem\",\"position\":1,\"name\":\"Blog\",\"item\":\"https:\/\/traduc.com\/blog\/\"},{\"@type\":\"ListItem\",\"position\":2,\"name\":\"Langues\",\"item\":\"https:\/\/traduc.com\/blog\/langues\/\"},{\"@type\":\"ListItem\",\"position\":3,\"name\":\"Journ\u00e9e europ\u00e9enne des langues 2024\"}]},{\"@type\":\"WebSite\",\"@id\":\"https:\/\/traduc.com\/blog\/#website\",\"url\":\"https:\/\/traduc.com\/blog\/\",\"name\":\"Traduc.com\",\"description\":\"traduc\",\"publisher\":{\"@id\":\"https:\/\/traduc.com\/blog\/#organization\"},\"potentialAction\":[{\"@type\":\"SearchAction\",\"target\":{\"@type\":\"EntryPoint\",\"urlTemplate\":\"https:\/\/traduc.com\/blog\/?s={search_term_string}\"},\"query-input\":{\"@type\":\"PropertyValueSpecification\",\"valueRequired\":true,\"valueName\":\"search_term_string\"}}],\"inLanguage\":\"fr-FR\"},{\"@type\":\"Organization\",\"@id\":\"https:\/\/traduc.com\/blog\/#organization\",\"name\":\"Traduc.com\",\"url\":\"https:\/\/traduc.com\/blog\/\",\"logo\":{\"@type\":\"ImageObject\",\"inLanguage\":\"fr-FR\",\"@id\":\"https:\/\/traduc.com\/blog\/#\/schema\/logo\/image\/\",\"url\":\"https:\/\/traduc.com\/blog\/wp-content\/uploads\/sites\/2\/2022\/10\/logo-traduc-blog_midheight.svg\",\"contentUrl\":\"https:\/\/traduc.com\/blog\/wp-content\/uploads\/sites\/2\/2022\/10\/logo-traduc-blog_midheight.svg\",\"width\":1,\"height\":1,\"caption\":\"Traduc.com\"},\"image\":{\"@id\":\"https:\/\/traduc.com\/blog\/#\/schema\/logo\/image\/\"},\"sameAs\":[\"https:\/\/www.facebook.com\/plateforme.traduc\/\",\"https:\/\/x.com\/Traduc_com\",\"https:\/\/www.linkedin.com\/company\/traduc-com\/\"]},{\"@type\":\"Person\",\"@id\":\"https:\/\/traduc.com\/blog\/#\/schema\/person\/df2a2bd8cc6b1be6cc11b1c9da3fb8d5\",\"name\":\"L\u00e9na Buffa\",\"image\":{\"@type\":\"ImageObject\",\"inLanguage\":\"fr-FR\",\"@id\":\"https:\/\/traduc.com\/blog\/#\/schema\/person\/image\/\",\"url\":\"https:\/\/secure.gravatar.com\/avatar\/546cb53042a21967104eab7325a16307a6a87307a6b0d8f73e9654663269933c?s=96&d=mm&r=g\",\"contentUrl\":\"https:\/\/secure.gravatar.com\/avatar\/546cb53042a21967104eab7325a16307a6a87307a6b0d8f73e9654663269933c?s=96&d=mm&r=g\",\"caption\":\"L\u00e9na Buffa\"},\"description\":\"Passionn\u00e9e de sport autant que de musique, j'aime partir \u00e0 la d\u00e9couverte de nouveaux horizons. Ma vie professionnelle tourne autour du web et de la r\u00e9daction sous toutes ses formes. D\u00e8s qu'il s'agit d'\u00e9crire, tout m'int\u00e9resse et je suis toujours curieuse de vivre de nouvelles exp\u00e9riences !\",\"sameAs\":[\"https:\/\/www.linkedin.com\/in\/lena-buffa-52041241\/\"],\"url\":\"https:\/\/traduc.com\/blog\/author\/lena\/\"}]}<\/script>\n<!-- \/ Yoast SEO plugin. -->","yoast_head_json":{"title":"Journ\u00e9e europ\u00e9enne des langues 2024 - Traduc Blog","description":"D\u00e9couvrez le programme de la Journ\u00e9e europ\u00e9enne des langues le 26 septembre 2024, grand \u00e9v\u00e9nement de d\u00e9fense de la diversit\u00e9 linguistique.","robots":{"index":"index","follow":"follow","max-snippet":"max-snippet:-1","max-image-preview":"max-image-preview:large","max-video-preview":"max-video-preview:-1"},"canonical":"https:\/\/traduc.com\/blog\/journee-europeenne-langues-2024\/","og_locale":"fr_FR","og_type":"article","og_title":"Journ\u00e9e europ\u00e9enne des langues 2024 - Traduc Blog","og_description":"D\u00e9couvrez le programme de la Journ\u00e9e europ\u00e9enne des langues le 26 septembre 2024, grand \u00e9v\u00e9nement de d\u00e9fense de la diversit\u00e9 linguistique.","og_url":"https:\/\/traduc.com\/blog\/journee-europeenne-langues-2024\/","og_site_name":"Traduc.com","article_publisher":"https:\/\/www.facebook.com\/plateforme.traduc\/","article_published_time":"2024-09-18T07:00:00+00:00","og_image":[{"width":1024,"height":618,"url":"https:\/\/traduc.com\/blog\/wp-content\/uploads\/sites\/2\/2024\/09\/journee-europeenne-langues-2024.jpg","type":"image\/jpeg"}],"author":"L\u00e9na Buffa","twitter_card":"summary_large_image","twitter_creator":"@Traduc_com","twitter_site":"@Traduc_com","twitter_misc":{"\u00c9crit par":"L\u00e9na Buffa","Dur\u00e9e de lecture estim\u00e9e":"6 minutes"},"schema":{"@context":"https:\/\/schema.org","@graph":[{"@type":"Article","@id":"https:\/\/traduc.com\/blog\/journee-europeenne-langues-2024\/#article","isPartOf":{"@id":"https:\/\/traduc.com\/blog\/journee-europeenne-langues-2024\/"},"author":{"name":"L\u00e9na Buffa","@id":"https:\/\/traduc.com\/blog\/#\/schema\/person\/df2a2bd8cc6b1be6cc11b1c9da3fb8d5"},"headline":"Journ\u00e9e europ\u00e9enne des langues 2024","datePublished":"2024-09-18T07:00:00+00:00","mainEntityOfPage":{"@id":"https:\/\/traduc.com\/blog\/journee-europeenne-langues-2024\/"},"wordCount":979,"publisher":{"@id":"https:\/\/traduc.com\/blog\/#organization"},"image":{"@id":"https:\/\/traduc.com\/blog\/journee-europeenne-langues-2024\/#primaryimage"},"thumbnailUrl":"https:\/\/traduc.com\/blog\/wp-content\/uploads\/sites\/2\/2024\/09\/journee-europeenne-langues-2024.jpg","articleSection":["Langues"],"inLanguage":"fr-FR"},{"@type":"WebPage","@id":"https:\/\/traduc.com\/blog\/journee-europeenne-langues-2024\/","url":"https:\/\/traduc.com\/blog\/journee-europeenne-langues-2024\/","name":"Journ\u00e9e europ\u00e9enne des langues 2024 - Traduc Blog","isPartOf":{"@id":"https:\/\/traduc.com\/blog\/#website"},"primaryImageOfPage":{"@id":"https:\/\/traduc.com\/blog\/journee-europeenne-langues-2024\/#primaryimage"},"image":{"@id":"https:\/\/traduc.com\/blog\/journee-europeenne-langues-2024\/#primaryimage"},"thumbnailUrl":"https:\/\/traduc.com\/blog\/wp-content\/uploads\/sites\/2\/2024\/09\/journee-europeenne-langues-2024.jpg","datePublished":"2024-09-18T07:00:00+00:00","description":"D\u00e9couvrez le programme de la Journ\u00e9e europ\u00e9enne des langues le 26 septembre 2024, grand \u00e9v\u00e9nement de d\u00e9fense de la diversit\u00e9 linguistique.","breadcrumb":{"@id":"https:\/\/traduc.com\/blog\/journee-europeenne-langues-2024\/#breadcrumb"},"inLanguage":"fr-FR","potentialAction":[{"@type":"ReadAction","target":["https:\/\/traduc.com\/blog\/journee-europeenne-langues-2024\/"]}]},{"@type":"ImageObject","inLanguage":"fr-FR","@id":"https:\/\/traduc.com\/blog\/journee-europeenne-langues-2024\/#primaryimage","url":"https:\/\/traduc.com\/blog\/wp-content\/uploads\/sites\/2\/2024\/09\/journee-europeenne-langues-2024.jpg","contentUrl":"https:\/\/traduc.com\/blog\/wp-content\/uploads\/sites\/2\/2024\/09\/journee-europeenne-langues-2024.jpg","width":1024,"height":618,"caption":"Affiche officielle de la Journ\u00e9e europ\u00e9enne des langues 2024"},{"@type":"BreadcrumbList","@id":"https:\/\/traduc.com\/blog\/journee-europeenne-langues-2024\/#breadcrumb","itemListElement":[{"@type":"ListItem","position":1,"name":"Blog","item":"https:\/\/traduc.com\/blog\/"},{"@type":"ListItem","position":2,"name":"Langues","item":"https:\/\/traduc.com\/blog\/langues\/"},{"@type":"ListItem","position":3,"name":"Journ\u00e9e europ\u00e9enne des langues 2024"}]},{"@type":"WebSite","@id":"https:\/\/traduc.com\/blog\/#website","url":"https:\/\/traduc.com\/blog\/","name":"Traduc.com","description":"traduc","publisher":{"@id":"https:\/\/traduc.com\/blog\/#organization"},"potentialAction":[{"@type":"SearchAction","target":{"@type":"EntryPoint","urlTemplate":"https:\/\/traduc.com\/blog\/?s={search_term_string}"},"query-input":{"@type":"PropertyValueSpecification","valueRequired":true,"valueName":"search_term_string"}}],"inLanguage":"fr-FR"},{"@type":"Organization","@id":"https:\/\/traduc.com\/blog\/#organization","name":"Traduc.com","url":"https:\/\/traduc.com\/blog\/","logo":{"@type":"ImageObject","inLanguage":"fr-FR","@id":"https:\/\/traduc.com\/blog\/#\/schema\/logo\/image\/","url":"https:\/\/traduc.com\/blog\/wp-content\/uploads\/sites\/2\/2022\/10\/logo-traduc-blog_midheight.svg","contentUrl":"https:\/\/traduc.com\/blog\/wp-content\/uploads\/sites\/2\/2022\/10\/logo-traduc-blog_midheight.svg","width":1,"height":1,"caption":"Traduc.com"},"image":{"@id":"https:\/\/traduc.com\/blog\/#\/schema\/logo\/image\/"},"sameAs":["https:\/\/www.facebook.com\/plateforme.traduc\/","https:\/\/x.com\/Traduc_com","https:\/\/www.linkedin.com\/company\/traduc-com\/"]},{"@type":"Person","@id":"https:\/\/traduc.com\/blog\/#\/schema\/person\/df2a2bd8cc6b1be6cc11b1c9da3fb8d5","name":"L\u00e9na Buffa","image":{"@type":"ImageObject","inLanguage":"fr-FR","@id":"https:\/\/traduc.com\/blog\/#\/schema\/person\/image\/","url":"https:\/\/secure.gravatar.com\/avatar\/546cb53042a21967104eab7325a16307a6a87307a6b0d8f73e9654663269933c?s=96&d=mm&r=g","contentUrl":"https:\/\/secure.gravatar.com\/avatar\/546cb53042a21967104eab7325a16307a6a87307a6b0d8f73e9654663269933c?s=96&d=mm&r=g","caption":"L\u00e9na Buffa"},"description":"Passionn\u00e9e de sport autant que de musique, j'aime partir \u00e0 la d\u00e9couverte de nouveaux horizons. Ma vie professionnelle tourne autour du web et de la r\u00e9daction sous toutes ses formes. D\u00e8s qu'il s'agit d'\u00e9crire, tout m'int\u00e9resse et je suis toujours curieuse de vivre de nouvelles exp\u00e9riences !","sameAs":["https:\/\/www.linkedin.com\/in\/lena-buffa-52041241\/"],"url":"https:\/\/traduc.com\/blog\/author\/lena\/"}]}},"_links":{"self":[{"href":"https:\/\/traduc.com\/blog\/wp-json\/wp\/v2\/posts\/15250","targetHints":{"allow":["GET"]}}],"collection":[{"href":"https:\/\/traduc.com\/blog\/wp-json\/wp\/v2\/posts"}],"about":[{"href":"https:\/\/traduc.com\/blog\/wp-json\/wp\/v2\/types\/post"}],"author":[{"embeddable":true,"href":"https:\/\/traduc.com\/blog\/wp-json\/wp\/v2\/users\/68"}],"replies":[{"embeddable":true,"href":"https:\/\/traduc.com\/blog\/wp-json\/wp\/v2\/comments?post=15250"}],"version-history":[{"count":0,"href":"https:\/\/traduc.com\/blog\/wp-json\/wp\/v2\/posts\/15250\/revisions"}],"wp:featuredmedia":[{"embeddable":true,"href":"https:\/\/traduc.com\/blog\/wp-json\/wp\/v2\/media\/15255"}],"wp:attachment":[{"href":"https:\/\/traduc.com\/blog\/wp-json\/wp\/v2\/media?parent=15250"}],"wp:term":[{"taxonomy":"category","embeddable":true,"href":"https:\/\/traduc.com\/blog\/wp-json\/wp\/v2\/categories?post=15250"},{"taxonomy":"post_tag","embeddable":true,"href":"https:\/\/traduc.com\/blog\/wp-json\/wp\/v2\/tags?post=15250"}],"curies":[{"name":"wp","href":"https:\/\/api.w.org\/{rel}","templated":true}]}}