{"id":5525,"date":"2022-02-16T10:50:16","date_gmt":"2022-02-16T09:50:16","guid":{"rendered":"https:\/\/traduc.com\/blog\/?p=5525"},"modified":"2022-07-06T09:45:49","modified_gmt":"2022-07-06T07:45:49","slug":"dialectes-italiens-a-connaitre","status":"publish","type":"post","link":"https:\/\/traduc.com\/blog\/dialectes-italiens-a-connaitre\/","title":{"rendered":"6 dialectes italiens \u00e0 conna\u00eetre"},"content":{"rendered":"<p>Quels sont les 6 dialectes italiens \u00e0 conna\u00eetre\u00a0? En voil\u00e0 une dr\u00f4le de question\u2026 l\u2019italien, c\u2019est l\u2019italien\u00a0! Que ce soient des chansons populaires, les interpr\u00e9tations de Fabrizio de Andr\u00e9, la <em>terza rima <\/em>de Dante Alighieri, un air d\u2019op\u00e9ra de Verdi ou des recettes de plats typiques, on pense tous conna\u00eetre quelques mots de cette langue\u2026 que de l\u2019ext\u00e9rieur, on croit souvent unique. Mais c\u2019est l\u00e0 un biais d\u00fb \u00e0 notre propre histoire linguistique fran\u00e7aise, qui a unifi\u00e9 notre langue, assez t\u00f4t par rapport \u00e0 nos voisins transalpins.<\/p>\n<p>En r\u00e9alit\u00e9, l\u2019Italie abrite une pluralit\u00e9 linguistique marqu\u00e9e, car y cohabitent l\u2019italien standard (issu du toscan) et une multitude de dialectes r\u00e9gionaux, voire locaux \u00e0 l\u2019\u00e9chelle d\u2019une vall\u00e9e ou m\u00eame d\u2019un village. Ces dialectes ont une forte valeur culturelle\u00a0: tout n\u2019est pas directement traduisible, et leurs locuteurs s\u2019identifient parfois davantage \u00e0 ces dialectes qu\u2019\u00e0 l\u2019italien dit \u00ab\u00a0standard\u00a0\u00bb.<\/p>\n<p>On comprend donc pourquoi une fine connaissance de ces diff\u00e9rents dialectes constitue un enjeu de taille dans le domaine de la traduction. S\u2019il s\u2019agit pour vous de toucher un public voire un march\u00e9 d\u2019une r\u00e9gion d\u2019Italie, il est crucial de s\u2019adresser \u00e0 eux dans le dialecte pr\u00e9cis qu\u2019ils parlent au quotidien. Il existe plusieurs dizaines de dialectes toujours vivaces en Italie. Leur nombre est m\u00eame sup\u00e9rieur si l\u2019on prend en consid\u00e9ration les variations de lexique ou d\u2019intonation qui peuvent distinguer un village d\u2019un autre. Mais pour vous donner une premi\u00e8re id\u00e9e de cette richesse linguistique de la Botte, voici 6 dialectes italiens\u00a0: nous avons choisi de vous pr\u00e9senter dans cet article quelques-uns des plus repr\u00e9sentatifs.<\/p>\n<h2>Un peu d\u2019histoire italienne\u2026<\/h2>\n<p>Pour bien comprendre cette floraison de dialectes au sein d\u2019un seul pays (l\u2019UNESCO en d\u00e9nombre officiellement 31, mais si l\u2019on \u00e9coute les locuteurs eux-m\u00eames les dialectes seraient encore plus nombreux), un petit d\u00e9tour par l\u2019Histoire s\u2019impose.<\/p>\n<p>L\u2019Italie telle que nous la connaissons est jeune\u00a0: l\u2019unification du pays ne date que de 1861. Avant 1861, c\u2019est une p\u00e9ninsule constitu\u00e9e de royaumes fragment\u00e9s, entre les cantons suisses au nord, l\u2019influence fran\u00e7aise \u00e0 l\u2019ouest, les \u00ab\u00a0Etats de l\u2019Eglise\u00a0\u00bb au centre, le royaume des deux Siciles \u00e0 cheval sur l\u2019actuelle Sicile et les r\u00e9gions du sud de ma cha\u00eene des Apennins (Basilicate, Calabre, Pouilles). Le nord, notamment la Toscane domin\u00e9e par Florence est historiquement tourn\u00e9e vers la finance et le commerce avec l\u2019Europe continentale, tandis que le Sud, entour\u00e9 d\u2019eau, est r\u00e9solument tourn\u00e9 vers le monde agricole et vers la M\u00e9diterran\u00e9e.<\/p>\n<p>L\u2019Italie en tant que telle conna\u00eet donc une histoire discontinue, o\u00f9 cohabitent des univers parall\u00e8les. Le pays porte donc la trace de cette unification tardive\u00a0: chaque r\u00e9gion a gard\u00e9 une histoire, une identit\u00e9 culturelle et un parler bien distinct.<\/p>\n<h2>\u2026Et un soup\u00e7on de g\u00e9ographie<\/h2>\n<p>La g\u00e9ographie vient aussi \u00e0 son tour pour nous aider \u00e0 mieux cerner le ph\u00e9nom\u00e8ne des dialectes italiens. En effet, pour le comprendre, il faut garder \u00e0 l\u2019esprit que l\u2019Italie constitue un espace g\u00e9ographique tr\u00e8s compartiment\u00e9 et accident\u00e9\u00a0: ici, pas de plaines immenses o\u00f9 r\u00e9pandre facilement une m\u00eame langue et des repr\u00e9sentations culturelles identiques. Il va de soi que cette fragmentation du paysage limite les voyages d\u2019un extr\u00eame \u00e0 l\u2019autre, notamment en raison des montagnes centrales (Apennins) et septentrionales (sud du croissant alpin). Ce \u00ab\u00a0compartimentage\u00a0\u00bb des r\u00e9gions en Italie atteint son paroxysme dans le cas des grandes \u00eeles que sont la Sicile et la Sardaigne.<\/p>\n<p>En France, on a h\u00e9rit\u00e9 du Moyen-Age un d\u00e9coupage entre r\u00e9gions du nord o\u00f9 on parle la langue d\u2019o\u00efl (\u00e9quivalent en ancien fran\u00e7ais de notre \u00ab\u00a0oui\u00a0\u00bb actuel) et r\u00e9gions du sud o\u00f9 on parle la langue d\u2019oc (\u00ab\u00a0oui\u00a0\u00bb m\u00e9ridional). En Italie, il n\u2019est pas toujours ais\u00e9 de superposer la carte des r\u00e9gions, des villes et des fleuves, et la carte du langage parl\u00e9.<\/p>\n<p>Les linguistes s\u2019accordent toutefois pour dire qu\u2019on peut distinguer trois ensembles dialectaux relativement coh\u00e9rents (nord, centre et sud de la Botte italienne), d\u00e9limit\u00e9s entre eux par deux lignes\u00a0: La Spezia-Rimini entre le nord et le centre, Ancone-Rome entre le centre et le sud.<\/p>\n<figure id=\"attachment_5529\" aria-describedby=\"caption-attachment-5529\" style=\"width: 212px\" class=\"wp-caption aligncenter\"><img decoding=\"async\" class=\"wp-image-5529 size-medium\" src=\"https:\/\/traduc.com\/blog\/wp-content\/uploads\/sites\/2\/2022\/01\/italiens-2-212x300.jpg\" alt=\"Italie\" width=\"212\" height=\"300\" \/><figcaption id=\"caption-attachment-5529\" class=\"wp-caption-text\">source: freepik<\/figcaption><\/figure>\n<h2><strong>6 dialectes italiens \u00e0 conna\u00eetre<\/strong><\/h2>\n<p>Maintenant que nous avons esquiss\u00e9 le contexte g\u00e9n\u00e9ral, nous avons s\u00e9lectionn\u00e9 pour vous 6 dialectes italiens \u00e0 conna\u00eetre. Le choix a \u00e9t\u00e9 corn\u00e9lien, tant l\u2019Italie est riche de ses nombreux parlers\u00a0! Nous en avons choisi un floril\u00e8ge, aussi typique que savoureux.<\/p>\n<h3>Sicilien<\/h3>\n<p>Le sicilien poss\u00e8de une \u00e2me particuli\u00e8re. En fait, il est plus ancien que l\u2019italien lui-m\u00eame. En effet, il est l\u2019une des toutes premi\u00e8res langues populaires \u00e0 se d\u00e9velopper en Italie apr\u00e8s le d\u00e9clin du latin au XII\u00e8 si\u00e8cle. Il n\u2019est donc pas issu de l\u2019italien lui-m\u00eame.<\/p>\n<p>Il est imm\u00e9diatement sensible \u00e0 l\u2019oreille, d\u00e8s la premi\u00e8re phrase, en particulier par l\u2019ouverture de ses voyelles et par le fait que la lettre \u00ab\u00a0s\u00a0\u00bb est prononc\u00e9 comme un \u00ab\u00a0s\u00a0\u00bb fran\u00e7ais et non pas comme un [z] italien\u00a0: on entendra donc \u00ab\u00a0il paesse\u00a0\u00bb et non \u00ab\u00a0il paeze\u00a0\u00bb. C\u2019est un dialecte particuli\u00e8rement enracin\u00e9, et un \u00e9l\u00e9ment f\u00e9d\u00e9rateur majeur dans l\u2019identit\u00e9 culturelle sicilienne, \u00e0 tel point qu\u2019il est une langue majoritaire (voire unique pour certains locuteurs notamment \u00e2g\u00e9s) d\u00e8s qu\u2019on s\u2019\u00e9loigne des p\u00f4les touristiques.<\/p>\n<h2>Sarde<\/h2>\n<p>Plus \u00e9loign\u00e9e de la p\u00e9ninsule italienne que ne l\u2019est la Sicile, la Sardaigne poss\u00e8de une insularit\u00e9 bien plus marqu\u00e9e. De plus, la Sardaigne est rest\u00e9e jusqu\u2019\u00e0 aujourd\u2019hui une \u00eele relativement sauvage, moins encline au tourisme que ses voisines corse et sicilienne. En effet, elle a longtemps \u00e9t\u00e9 constitu\u00e9e d\u2019agriculteurs tourn\u00e9s vers l\u2019int\u00e9rieur des terres, et non vers la p\u00eache et le commerce. Il n\u2019est qu\u2019\u00e0 regarder la cuisine sarde, majoritairement carn\u00e9e et avec peu de poisson finalement.<\/p>\n<p>Sur le plan linguistique, du fait de l\u2019extr\u00eame isolement de la Sardaigne, le sarde est demeur\u00e9 un quasi calque du latin. Il est frappant de constater que cette dynamique linguistique de conservation mill\u00e9naire due \u00e0 un isolement g\u00e9ographique trouve son pendant dans l\u2019extr\u00eame nord de l\u2019Europe\u00a0: en effet, l\u2019islandais est une langue qui a subi tr\u00e8s peu d\u2019influences depuis son h\u00e9ritage du vieux norrois (langue m\u00e9di\u00e9vale commune aux pays scandinaves).<\/p>\n<h3>Napolitain<\/h3>\n<p>Le napolitain est, historiquement, la langue officielle de l\u2019ancien royaume des Deux Siciles. Messine marquait sa limite sud, en de\u00e7\u00e0 de laquelle c\u2019est le dialecte sicilien qui prenait le relais. Mais au XVI\u00e8 si\u00e8cle, la valse des dynasties impose le castillan, puis le toscan. C\u2019est un dialecte dominant dans le sud de l\u2019Italie, qui rayonne bien au-del\u00e0 de la ville portuaire de Naples.<\/p>\n<p>Contrairement \u00e0 d\u2019autres dialectes plus referm\u00e9s sur eux-m\u00eames, le napolitain a longtemps fait figure non pas d\u2019identifiant culturel, mais plut\u00f4t de passeur culturel entre l\u2019Orient et l\u2019Europe du Nord, comme vecteur de traduction des grands textes. Aujourd\u2019hui, la chanson populaire traditionnelle (\u00ab\u00a0O sole moi\u00a0\u00bb, \u00ab\u00a0Funiculi Funicula\u00a0\u00bb) ou les r\u00e9pliques de la s\u00e9rie Gomorra ont valu au napolitain une notori\u00e9t\u00e9 au-del\u00e0 de la p\u00e9ninsule italienne.<\/p>\n<figure id=\"attachment_5530\" aria-describedby=\"caption-attachment-5530\" style=\"width: 770px\" class=\"wp-caption aligncenter\"><img decoding=\"async\" class=\"wp-image-5530 size-large\" src=\"https:\/\/traduc.com\/blog\/wp-content\/uploads\/sites\/2\/2022\/01\/italiens-3-1024x683.jpg\" alt=\"Naples\" width=\"770\" height=\"514\" \/><figcaption id=\"caption-attachment-5530\" class=\"wp-caption-text\">source: freepik<\/figcaption><\/figure>\n<h3>Frioulan<\/h3>\n<p>Le frioulan est parl\u00e9 en V\u00e9n\u00e9tie et dans la r\u00e9gion du Frioul, c\u2019est-\u00e0-dire dans l\u2019extr\u00e9mit\u00e9 nord-est de l\u2019Italie. Cette r\u00e9gion est fortement influenc\u00e9e par l\u2019Allemagne, l\u2019Autriche et la Croatie.<\/p>\n<p>Le dialecte frioulan se ressent de ces influences, <em>melting-pot<\/em> fascinant m\u00ealant l\u2019Europe m\u00e9ridionale de l\u2019Italie et la <em>Mitteleuropa<\/em> s\u00e9culaire de l\u2019Allemagne ou de la Croatie. Certaines sonorit\u00e9s typiques de l\u2019italien standard disparaissent en frioulan, qui par exemple ne roule pas les \u00ab\u00a0r\u00a0\u00bb.<\/p>\n<h3>Ladin<\/h3>\n<p>Proche g\u00e9ographiquement du frioulan, le ladin remporte quant \u00e0 lui la palme\u2026 de la plus petite communaut\u00e9 linguistique reconnue en Europe, aux c\u00f4t\u00e9s du f\u00e9ro\u00efen (parl\u00e9 dans les seules \u00eeles F\u00e9ro\u00e9 \u00e0 mi-chemin du Danemark et du Groenland).<\/p>\n<p>En effet, le ladin est parl\u00e9 par seulement 30\u00a0000 locuteurs. Et c\u2019est sans compter ses multiples subdivisions selon les vall\u00e9es au creux desquelles il est parl\u00e9. On notera que dans cette r\u00e9gion (Trentin Haut-Adige notamment), la plupart des panneaux sont trilingues ladin-allemand-italien.<\/p>\n<h3>Pi\u00e9montais<\/h3>\n<p>C\u2019est un dialecte parl\u00e9 dans la r\u00e9gion du Pi\u00e9mont, \u00e0 la fronti\u00e8re fran\u00e7aise. Puissant au Moyen-Age parmi les langues d\u2019oc, le pi\u00e9montais a subi ensuite la pression conjugu\u00e9e du fran\u00e7ais tout proche et de l\u2019italien (impos\u00e9 comme langue officielle par le royaume des Deux Savoies). Aujourd\u2019hui, tr\u00e8s peu de locuteurs savent l\u2019\u00e9crire (la langue n\u2019est pas enseign\u00e9e \u00e0 l\u2019\u00e9cole), mais environ la moiti\u00e9 des habitants du Pi\u00e9mont le parlent toujours.<\/p>\n<blockquote><p>\u00c0 lire aussi&nbsp;:\u00a0<a href=\"https:\/\/traduc.com\/blog\/comment-traduire-du-francais-en-italien\/\">Comment traduire du fran\u00e7ais en italien\u00a0?<\/a><\/p><\/blockquote>\n<h2>Les dialectes\u00a0: italiens\u00a0: qui les utilise, et quand\u00a0?<\/h2>\n<p>Apr\u00e8s ce tour d\u2019horizon des 6 dialectes italiens \u00e0 conna\u00eetre, la question se pose de savoir qui du dialecte ou de l\u2019italien standard domine dans la vie r\u00e9elle de ceux qui les parlent. Quel que soit le dialecte envisag\u00e9, on remarquera tout d\u2019abord que la plupart des locuteurs sont bilingues dialecte-italien. L\u2019italien standard est la langue de l\u2019\u00e9cole et souvent la langue de la profession.<\/p>\n<p>En revanche, de nombreux Italiens ne communiquent avec leurs grands-parents qu\u2019en dialecte. Le cercle familial plus large est souvent propice au dialecte, jug\u00e9 plus familier, moins formel, mais aussi plus apte \u00e0 faire ressortir des r\u00e9alit\u00e9s culturelles typiquement locales ou \u00e0 souligner une nuance de sens intraduisible.<\/p>\n<p>Enfin, des dialectes comme le sicilien ou le napolitain prennent aussi toute leur importance \u00e0 l\u2019\u00e9tranger, o\u00f9 ils servent de v\u00e9ritable ciment culturel f\u00e9d\u00e9rateur aux diasporas, qu\u2019ils relient \u00e0 leurs racines.<\/p>\n<p>On l\u2019a vu, l\u2019Italie offre une richesse linguistique plurielle avec ses dialectes \u00e0 l\u2019\u00e9volution parfois parall\u00e8le sur plusieurs si\u00e8cles depuis le latin commun. S\u2019int\u00e9resser \u00e0 ses diff\u00e9rents dialectes est une porte d\u2019entr\u00e9e passionnante pour s\u2019ouvrir aux cultures italiennes.<\/p>\n<p>Vous souhaitez traduire des textes \u00e0 destination de l\u2019Italie\u00a0? Pour \u00eatre s\u00fbr de faire les bons choix en termes de langue et de dialecte, et de vous adresser \u00e0 des traducteurs natifs exp\u00e9riment\u00e9s, faites confiance aux professionnels de chez <a href=\"https:\/\/traduc.com\">Traduc.com<\/a>.<\/p>\n","protected":false},"excerpt":{"rendered":"<p>Quels sont les 6 dialectes italiens \u00e0 conna\u00eetre\u00a0? En voil\u00e0 une dr\u00f4le de question\u2026 l\u2019italien, c\u2019est l\u2019italien\u00a0! Que ce soient des chansons populaires, les interpr\u00e9tations de Fabrizio de Andr\u00e9, la terza rima de Dante Alighieri, un air d\u2019op\u00e9ra de Verdi ou des recettes de plats typiques, on pense tous conna\u00eetre quelques mots de cette langue\u2026 [&hellip;]<\/p>\n","protected":false},"author":15,"featured_media":10503,"comment_status":"open","ping_status":"open","sticky":false,"template":"","format":"standard","meta":{"_acf_changed":false,"inline_featured_image":false,"footnotes":""},"categories":[42],"tags":[],"class_list":["post-5525","post","type-post","status-publish","format-standard","has-post-thumbnail","hentry","category-italien"],"acf":[],"yoast_head":"<!-- This site is optimized with the Yoast SEO plugin v25.9 - https:\/\/yoast.com\/wordpress\/plugins\/seo\/ -->\n<title>6 dialectes italiens \u00e0 conna\u00eetre - Traduc Blog<\/title>\n<meta name=\"description\" content=\"\ufeff\ufeffQuels sont les 6 dialectes italiens \u00e0 conna\u00eetre\u00a0? En voil\u00e0 une dr\u00f4le de question\u2026 l\u2019italien, c\u2019est l\u2019italien\u00a0! Que ce soient des chansons populaires, les\" \/>\n<meta name=\"robots\" content=\"index, follow, max-snippet:-1, max-image-preview:large, max-video-preview:-1\" \/>\n<link rel=\"canonical\" href=\"https:\/\/traduc.com\/blog\/dialectes-italiens-a-connaitre\/\" \/>\n<meta property=\"og:locale\" content=\"fr_FR\" \/>\n<meta property=\"og:type\" content=\"article\" \/>\n<meta property=\"og:title\" content=\"6 dialectes italiens \u00e0 conna\u00eetre - Traduc Blog\" \/>\n<meta property=\"og:description\" content=\"\ufeff\ufeffQuels sont les 6 dialectes italiens \u00e0 conna\u00eetre\u00a0? En voil\u00e0 une dr\u00f4le de question\u2026 l\u2019italien, c\u2019est l\u2019italien\u00a0! Que ce soient des chansons populaires, les\" \/>\n<meta property=\"og:url\" content=\"https:\/\/traduc.com\/blog\/dialectes-italiens-a-connaitre\/\" \/>\n<meta property=\"og:site_name\" content=\"Traduc.com\" \/>\n<meta property=\"article:publisher\" content=\"https:\/\/www.facebook.com\/plateforme.traduc\/\" \/>\n<meta property=\"article:published_time\" content=\"2022-02-16T09:50:16+00:00\" \/>\n<meta property=\"article:modified_time\" content=\"2022-07-06T07:45:49+00:00\" \/>\n<meta property=\"og:image\" content=\"https:\/\/traduc.com\/blog\/wp-content\/uploads\/sites\/2\/2022\/01\/italiens-1.png.webp\" \/>\n\t<meta property=\"og:image:width\" content=\"1024\" \/>\n\t<meta property=\"og:image:height\" content=\"539\" \/>\n\t<meta property=\"og:image:type\" content=\"image\/webp\" \/>\n<meta name=\"author\" content=\"\u00c9lodie Lefevre\" \/>\n<meta name=\"twitter:card\" content=\"summary_large_image\" \/>\n<meta name=\"twitter:creator\" content=\"@Traduc_com\" \/>\n<meta name=\"twitter:site\" content=\"@Traduc_com\" \/>\n<meta name=\"twitter:label1\" content=\"\u00c9crit par\" \/>\n\t<meta name=\"twitter:data1\" content=\"\u00c9lodie Lefevre\" \/>\n\t<meta name=\"twitter:label2\" content=\"Dur\u00e9e de lecture estim\u00e9e\" \/>\n\t<meta name=\"twitter:data2\" content=\"9 minutes\" \/>\n<script type=\"application\/ld+json\" class=\"yoast-schema-graph\">{\"@context\":\"https:\/\/schema.org\",\"@graph\":[{\"@type\":\"Article\",\"@id\":\"https:\/\/traduc.com\/blog\/dialectes-italiens-a-connaitre\/#article\",\"isPartOf\":{\"@id\":\"https:\/\/traduc.com\/blog\/dialectes-italiens-a-connaitre\/\"},\"author\":{\"name\":\"\u00c9lodie Lefevre\",\"@id\":\"https:\/\/traduc.com\/blog\/#\/schema\/person\/41b5e95b9b3af7d7bda79901ddc7157b\"},\"headline\":\"6 dialectes italiens \u00e0 conna\u00eetre\",\"datePublished\":\"2022-02-16T09:50:16+00:00\",\"dateModified\":\"2022-07-06T07:45:49+00:00\",\"mainEntityOfPage\":{\"@id\":\"https:\/\/traduc.com\/blog\/dialectes-italiens-a-connaitre\/\"},\"wordCount\":1823,\"commentCount\":0,\"publisher\":{\"@id\":\"https:\/\/traduc.com\/blog\/#organization\"},\"image\":{\"@id\":\"https:\/\/traduc.com\/blog\/dialectes-italiens-a-connaitre\/#primaryimage\"},\"thumbnailUrl\":\"https:\/\/traduc.com\/blog\/wp-content\/uploads\/sites\/2\/2022\/01\/italiens-1.png.webp\",\"articleSection\":[\"Italien\"],\"inLanguage\":\"fr-FR\",\"potentialAction\":[{\"@type\":\"CommentAction\",\"name\":\"Comment\",\"target\":[\"https:\/\/traduc.com\/blog\/dialectes-italiens-a-connaitre\/#respond\"]}]},{\"@type\":\"WebPage\",\"@id\":\"https:\/\/traduc.com\/blog\/dialectes-italiens-a-connaitre\/\",\"url\":\"https:\/\/traduc.com\/blog\/dialectes-italiens-a-connaitre\/\",\"name\":\"6 dialectes italiens \u00e0 conna\u00eetre - Traduc Blog\",\"isPartOf\":{\"@id\":\"https:\/\/traduc.com\/blog\/#website\"},\"primaryImageOfPage\":{\"@id\":\"https:\/\/traduc.com\/blog\/dialectes-italiens-a-connaitre\/#primaryimage\"},\"image\":{\"@id\":\"https:\/\/traduc.com\/blog\/dialectes-italiens-a-connaitre\/#primaryimage\"},\"thumbnailUrl\":\"https:\/\/traduc.com\/blog\/wp-content\/uploads\/sites\/2\/2022\/01\/italiens-1.png.webp\",\"datePublished\":\"2022-02-16T09:50:16+00:00\",\"dateModified\":\"2022-07-06T07:45:49+00:00\",\"description\":\"\ufeff\ufeffQuels sont les 6 dialectes italiens \u00e0 conna\u00eetre\u00a0? En voil\u00e0 une dr\u00f4le de question\u2026 l\u2019italien, c\u2019est l\u2019italien\u00a0! Que ce soient des chansons populaires, les\",\"breadcrumb\":{\"@id\":\"https:\/\/traduc.com\/blog\/dialectes-italiens-a-connaitre\/#breadcrumb\"},\"inLanguage\":\"fr-FR\",\"potentialAction\":[{\"@type\":\"ReadAction\",\"target\":[\"https:\/\/traduc.com\/blog\/dialectes-italiens-a-connaitre\/\"]}]},{\"@type\":\"ImageObject\",\"inLanguage\":\"fr-FR\",\"@id\":\"https:\/\/traduc.com\/blog\/dialectes-italiens-a-connaitre\/#primaryimage\",\"url\":\"https:\/\/traduc.com\/blog\/wp-content\/uploads\/sites\/2\/2022\/01\/italiens-1.png.webp\",\"contentUrl\":\"https:\/\/traduc.com\/blog\/wp-content\/uploads\/sites\/2\/2022\/01\/italiens-1.png.webp\",\"width\":1024,\"height\":539},{\"@type\":\"BreadcrumbList\",\"@id\":\"https:\/\/traduc.com\/blog\/dialectes-italiens-a-connaitre\/#breadcrumb\",\"itemListElement\":[{\"@type\":\"ListItem\",\"position\":1,\"name\":\"Blog\",\"item\":\"https:\/\/traduc.com\/blog\/\"},{\"@type\":\"ListItem\",\"position\":2,\"name\":\"Langues\",\"item\":\"https:\/\/traduc.com\/blog\/langues\/\"},{\"@type\":\"ListItem\",\"position\":3,\"name\":\"Italien\",\"item\":\"https:\/\/traduc.com\/blog\/langues\/italien\/\"},{\"@type\":\"ListItem\",\"position\":4,\"name\":\"6 dialectes italiens \u00e0 conna\u00eetre\"}]},{\"@type\":\"WebSite\",\"@id\":\"https:\/\/traduc.com\/blog\/#website\",\"url\":\"https:\/\/traduc.com\/blog\/\",\"name\":\"Traduc.com\",\"description\":\"traduc\",\"publisher\":{\"@id\":\"https:\/\/traduc.com\/blog\/#organization\"},\"potentialAction\":[{\"@type\":\"SearchAction\",\"target\":{\"@type\":\"EntryPoint\",\"urlTemplate\":\"https:\/\/traduc.com\/blog\/?s={search_term_string}\"},\"query-input\":{\"@type\":\"PropertyValueSpecification\",\"valueRequired\":true,\"valueName\":\"search_term_string\"}}],\"inLanguage\":\"fr-FR\"},{\"@type\":\"Organization\",\"@id\":\"https:\/\/traduc.com\/blog\/#organization\",\"name\":\"Traduc.com\",\"url\":\"https:\/\/traduc.com\/blog\/\",\"logo\":{\"@type\":\"ImageObject\",\"inLanguage\":\"fr-FR\",\"@id\":\"https:\/\/traduc.com\/blog\/#\/schema\/logo\/image\/\",\"url\":\"https:\/\/traduc.com\/blog\/wp-content\/uploads\/sites\/2\/2022\/10\/logo-traduc-blog_midheight.svg\",\"contentUrl\":\"https:\/\/traduc.com\/blog\/wp-content\/uploads\/sites\/2\/2022\/10\/logo-traduc-blog_midheight.svg\",\"width\":1,\"height\":1,\"caption\":\"Traduc.com\"},\"image\":{\"@id\":\"https:\/\/traduc.com\/blog\/#\/schema\/logo\/image\/\"},\"sameAs\":[\"https:\/\/www.facebook.com\/plateforme.traduc\/\",\"https:\/\/x.com\/Traduc_com\",\"https:\/\/www.linkedin.com\/company\/traduc-com\/\"]},{\"@type\":\"Person\",\"@id\":\"https:\/\/traduc.com\/blog\/#\/schema\/person\/41b5e95b9b3af7d7bda79901ddc7157b\",\"name\":\"\u00c9lodie Lefevre\",\"image\":{\"@type\":\"ImageObject\",\"inLanguage\":\"fr-FR\",\"@id\":\"https:\/\/traduc.com\/blog\/#\/schema\/person\/image\/\",\"url\":\"https:\/\/secure.gravatar.com\/avatar\/14bf5f89e81206d751227e43320bff63e8afdcff783fce0f963e7aa8f6a53253?s=96&d=mm&r=g\",\"contentUrl\":\"https:\/\/secure.gravatar.com\/avatar\/14bf5f89e81206d751227e43320bff63e8afdcff783fce0f963e7aa8f6a53253?s=96&d=mm&r=g\",\"caption\":\"\u00c9lodie Lefevre\"},\"description\":\"\u00c9lodie est chef de projet en r\u00e9daction et traduction. La mise en place d'une strat\u00e9gie de contenu n'a aucun secret pour elle. C'est \u00e9galement une experte du SEO multilingue !\",\"sameAs\":[\"https:\/\/www.linkedin.com\/in\/elodie-lefevre-8788a4119\/\"],\"url\":\"https:\/\/traduc.com\/blog\/author\/elodie\/\"}]}<\/script>\n<!-- \/ Yoast SEO plugin. -->","yoast_head_json":{"title":"6 dialectes italiens \u00e0 conna\u00eetre - Traduc Blog","description":"\ufeff\ufeffQuels sont les 6 dialectes italiens \u00e0 conna\u00eetre\u00a0? En voil\u00e0 une dr\u00f4le de question\u2026 l\u2019italien, c\u2019est l\u2019italien\u00a0! Que ce soient des chansons populaires, les","robots":{"index":"index","follow":"follow","max-snippet":"max-snippet:-1","max-image-preview":"max-image-preview:large","max-video-preview":"max-video-preview:-1"},"canonical":"https:\/\/traduc.com\/blog\/dialectes-italiens-a-connaitre\/","og_locale":"fr_FR","og_type":"article","og_title":"6 dialectes italiens \u00e0 conna\u00eetre - Traduc Blog","og_description":"\ufeff\ufeffQuels sont les 6 dialectes italiens \u00e0 conna\u00eetre\u00a0? En voil\u00e0 une dr\u00f4le de question\u2026 l\u2019italien, c\u2019est l\u2019italien\u00a0! Que ce soient des chansons populaires, les","og_url":"https:\/\/traduc.com\/blog\/dialectes-italiens-a-connaitre\/","og_site_name":"Traduc.com","article_publisher":"https:\/\/www.facebook.com\/plateforme.traduc\/","article_published_time":"2022-02-16T09:50:16+00:00","article_modified_time":"2022-07-06T07:45:49+00:00","og_image":[{"width":1024,"height":539,"url":"https:\/\/traduc.com\/blog\/wp-content\/uploads\/sites\/2\/2022\/01\/italiens-1.png.webp","type":"image\/webp"}],"author":"\u00c9lodie Lefevre","twitter_card":"summary_large_image","twitter_creator":"@Traduc_com","twitter_site":"@Traduc_com","twitter_misc":{"\u00c9crit par":"\u00c9lodie Lefevre","Dur\u00e9e de lecture estim\u00e9e":"9 minutes"},"schema":{"@context":"https:\/\/schema.org","@graph":[{"@type":"Article","@id":"https:\/\/traduc.com\/blog\/dialectes-italiens-a-connaitre\/#article","isPartOf":{"@id":"https:\/\/traduc.com\/blog\/dialectes-italiens-a-connaitre\/"},"author":{"name":"\u00c9lodie Lefevre","@id":"https:\/\/traduc.com\/blog\/#\/schema\/person\/41b5e95b9b3af7d7bda79901ddc7157b"},"headline":"6 dialectes italiens \u00e0 conna\u00eetre","datePublished":"2022-02-16T09:50:16+00:00","dateModified":"2022-07-06T07:45:49+00:00","mainEntityOfPage":{"@id":"https:\/\/traduc.com\/blog\/dialectes-italiens-a-connaitre\/"},"wordCount":1823,"commentCount":0,"publisher":{"@id":"https:\/\/traduc.com\/blog\/#organization"},"image":{"@id":"https:\/\/traduc.com\/blog\/dialectes-italiens-a-connaitre\/#primaryimage"},"thumbnailUrl":"https:\/\/traduc.com\/blog\/wp-content\/uploads\/sites\/2\/2022\/01\/italiens-1.png.webp","articleSection":["Italien"],"inLanguage":"fr-FR","potentialAction":[{"@type":"CommentAction","name":"Comment","target":["https:\/\/traduc.com\/blog\/dialectes-italiens-a-connaitre\/#respond"]}]},{"@type":"WebPage","@id":"https:\/\/traduc.com\/blog\/dialectes-italiens-a-connaitre\/","url":"https:\/\/traduc.com\/blog\/dialectes-italiens-a-connaitre\/","name":"6 dialectes italiens \u00e0 conna\u00eetre - Traduc Blog","isPartOf":{"@id":"https:\/\/traduc.com\/blog\/#website"},"primaryImageOfPage":{"@id":"https:\/\/traduc.com\/blog\/dialectes-italiens-a-connaitre\/#primaryimage"},"image":{"@id":"https:\/\/traduc.com\/blog\/dialectes-italiens-a-connaitre\/#primaryimage"},"thumbnailUrl":"https:\/\/traduc.com\/blog\/wp-content\/uploads\/sites\/2\/2022\/01\/italiens-1.png.webp","datePublished":"2022-02-16T09:50:16+00:00","dateModified":"2022-07-06T07:45:49+00:00","description":"\ufeff\ufeffQuels sont les 6 dialectes italiens \u00e0 conna\u00eetre\u00a0? En voil\u00e0 une dr\u00f4le de question\u2026 l\u2019italien, c\u2019est l\u2019italien\u00a0! Que ce soient des chansons populaires, les","breadcrumb":{"@id":"https:\/\/traduc.com\/blog\/dialectes-italiens-a-connaitre\/#breadcrumb"},"inLanguage":"fr-FR","potentialAction":[{"@type":"ReadAction","target":["https:\/\/traduc.com\/blog\/dialectes-italiens-a-connaitre\/"]}]},{"@type":"ImageObject","inLanguage":"fr-FR","@id":"https:\/\/traduc.com\/blog\/dialectes-italiens-a-connaitre\/#primaryimage","url":"https:\/\/traduc.com\/blog\/wp-content\/uploads\/sites\/2\/2022\/01\/italiens-1.png.webp","contentUrl":"https:\/\/traduc.com\/blog\/wp-content\/uploads\/sites\/2\/2022\/01\/italiens-1.png.webp","width":1024,"height":539},{"@type":"BreadcrumbList","@id":"https:\/\/traduc.com\/blog\/dialectes-italiens-a-connaitre\/#breadcrumb","itemListElement":[{"@type":"ListItem","position":1,"name":"Blog","item":"https:\/\/traduc.com\/blog\/"},{"@type":"ListItem","position":2,"name":"Langues","item":"https:\/\/traduc.com\/blog\/langues\/"},{"@type":"ListItem","position":3,"name":"Italien","item":"https:\/\/traduc.com\/blog\/langues\/italien\/"},{"@type":"ListItem","position":4,"name":"6 dialectes italiens \u00e0 conna\u00eetre"}]},{"@type":"WebSite","@id":"https:\/\/traduc.com\/blog\/#website","url":"https:\/\/traduc.com\/blog\/","name":"Traduc.com","description":"traduc","publisher":{"@id":"https:\/\/traduc.com\/blog\/#organization"},"potentialAction":[{"@type":"SearchAction","target":{"@type":"EntryPoint","urlTemplate":"https:\/\/traduc.com\/blog\/?s={search_term_string}"},"query-input":{"@type":"PropertyValueSpecification","valueRequired":true,"valueName":"search_term_string"}}],"inLanguage":"fr-FR"},{"@type":"Organization","@id":"https:\/\/traduc.com\/blog\/#organization","name":"Traduc.com","url":"https:\/\/traduc.com\/blog\/","logo":{"@type":"ImageObject","inLanguage":"fr-FR","@id":"https:\/\/traduc.com\/blog\/#\/schema\/logo\/image\/","url":"https:\/\/traduc.com\/blog\/wp-content\/uploads\/sites\/2\/2022\/10\/logo-traduc-blog_midheight.svg","contentUrl":"https:\/\/traduc.com\/blog\/wp-content\/uploads\/sites\/2\/2022\/10\/logo-traduc-blog_midheight.svg","width":1,"height":1,"caption":"Traduc.com"},"image":{"@id":"https:\/\/traduc.com\/blog\/#\/schema\/logo\/image\/"},"sameAs":["https:\/\/www.facebook.com\/plateforme.traduc\/","https:\/\/x.com\/Traduc_com","https:\/\/www.linkedin.com\/company\/traduc-com\/"]},{"@type":"Person","@id":"https:\/\/traduc.com\/blog\/#\/schema\/person\/41b5e95b9b3af7d7bda79901ddc7157b","name":"\u00c9lodie Lefevre","image":{"@type":"ImageObject","inLanguage":"fr-FR","@id":"https:\/\/traduc.com\/blog\/#\/schema\/person\/image\/","url":"https:\/\/secure.gravatar.com\/avatar\/14bf5f89e81206d751227e43320bff63e8afdcff783fce0f963e7aa8f6a53253?s=96&d=mm&r=g","contentUrl":"https:\/\/secure.gravatar.com\/avatar\/14bf5f89e81206d751227e43320bff63e8afdcff783fce0f963e7aa8f6a53253?s=96&d=mm&r=g","caption":"\u00c9lodie Lefevre"},"description":"\u00c9lodie est chef de projet en r\u00e9daction et traduction. La mise en place d'une strat\u00e9gie de contenu n'a aucun secret pour elle. C'est \u00e9galement une experte du SEO multilingue !","sameAs":["https:\/\/www.linkedin.com\/in\/elodie-lefevre-8788a4119\/"],"url":"https:\/\/traduc.com\/blog\/author\/elodie\/"}]}},"_links":{"self":[{"href":"https:\/\/traduc.com\/blog\/wp-json\/wp\/v2\/posts\/5525","targetHints":{"allow":["GET"]}}],"collection":[{"href":"https:\/\/traduc.com\/blog\/wp-json\/wp\/v2\/posts"}],"about":[{"href":"https:\/\/traduc.com\/blog\/wp-json\/wp\/v2\/types\/post"}],"author":[{"embeddable":true,"href":"https:\/\/traduc.com\/blog\/wp-json\/wp\/v2\/users\/15"}],"replies":[{"embeddable":true,"href":"https:\/\/traduc.com\/blog\/wp-json\/wp\/v2\/comments?post=5525"}],"version-history":[{"count":0,"href":"https:\/\/traduc.com\/blog\/wp-json\/wp\/v2\/posts\/5525\/revisions"}],"wp:featuredmedia":[{"embeddable":true,"href":"https:\/\/traduc.com\/blog\/wp-json\/wp\/v2\/media\/10503"}],"wp:attachment":[{"href":"https:\/\/traduc.com\/blog\/wp-json\/wp\/v2\/media?parent=5525"}],"wp:term":[{"taxonomy":"category","embeddable":true,"href":"https:\/\/traduc.com\/blog\/wp-json\/wp\/v2\/categories?post=5525"},{"taxonomy":"post_tag","embeddable":true,"href":"https:\/\/traduc.com\/blog\/wp-json\/wp\/v2\/tags?post=5525"}],"curies":[{"name":"wp","href":"https:\/\/api.w.org\/{rel}","templated":true}]}}